{"id":732,"date":"2024-09-03T09:16:42","date_gmt":"2024-09-03T07:16:42","guid":{"rendered":"https:\/\/www.lanestergym.fr\/?p=732"},"modified":"2024-09-03T09:17:52","modified_gmt":"2024-09-03T07:17:52","slug":"rentree","status":"publish","type":"post","link":"https:\/\/www.lanestergym.fr\/index.php\/2024\/09\/03\/rentree\/","title":{"rendered":"# Rentr\u00e9e"},"content":{"rendered":"\n<p class=\"has-text-align-center\">L&rsquo;ensemble de nos comp\u00e9titeurs et comp\u00e9titrices ont repris le chemin de l&rsquo;entrainement depuis quelques jours !<\/p>\n\n\n\n<p class=\"has-text-align-center\">Pour l&rsquo;int\u00e9gralit\u00e9 des groupes <strong>Loisirs<\/strong>, les cours reprennent \u00e0 partir du <strong>9 septembre !<\/strong><\/p>\n\n\n\n<p class=\"has-text-align-center\"><strong>A vos justos, pr\u00eat, feu &#8212;&#8211;> GOOOOOOOOO !<\/strong><\/p>\n\n\n\n<p><\/p>\n","protected":false},"excerpt":{"rendered":"<p>L&rsquo;ensemble de nos comp\u00e9titeurs et comp\u00e9titrices ont repris le chemin de l&rsquo;entrainement depuis quelques jours ! Pour l&rsquo;int\u00e9gralit\u00e9 des groupes Loisirs, les cours reprennent \u00e0 partir du 9 septembre ! A vos justos, pr\u00eat, feu &#8212;&#8211;> GOOOOOOOOO !<\/p>\n","protected":false},"author":3,"featured_media":733,"comment_status":"closed","ping_status":"open","sticky":false,"template":"","format":"standard","meta":{"_uag_custom_page_level_css":"","footnotes":""},"categories":[14],"tags":[],"class_list":["post-732","post","type-post","status-publish","format-standard","has-post-thumbnail","hentry","category-actus"],"yoast_head":"<!-- This site is optimized with the Yoast SEO plugin v27.2 - https:\/\/yoast.com\/product\/yoast-seo-wordpress\/ -->\n<title># Rentr\u00e9e - Lanester Gym<\/title>\n<meta name=\"robots\" content=\"index, follow, max-snippet:-1, max-image-preview:large, max-video-preview:-1\" \/>\n<link rel=\"canonical\" href=\"https:\/\/www.lanestergym.fr\/index.php\/2024\/09\/03\/rentree\/\" \/>\n<meta property=\"og:locale\" content=\"fr_FR\" \/>\n<meta property=\"og:type\" content=\"article\" \/>\n<meta property=\"og:title\" content=\"# Rentr\u00e9e - Lanester Gym\" \/>\n<meta property=\"og:description\" content=\"L&rsquo;ensemble de nos comp\u00e9titeurs et comp\u00e9titrices ont repris le chemin de l&rsquo;entrainement depuis quelques jours ! Pour l&rsquo;int\u00e9gralit\u00e9 des groupes Loisirs, les cours reprennent \u00e0 partir du 9 septembre ! A vos justos, pr\u00eat, feu &#8212;&#8211;&gt; GOOOOOOOOO !\" \/>\n<meta property=\"og:url\" content=\"https:\/\/www.lanestergym.fr\/index.php\/2024\/09\/03\/rentree\/\" \/>\n<meta property=\"og:site_name\" content=\"Lanester Gym\" \/>\n<meta property=\"article:publisher\" content=\"https:\/\/www.facebook.com\/gym.lanester.14\" \/>\n<meta property=\"article:published_time\" content=\"2024-09-03T07:16:42+00:00\" \/>\n<meta property=\"article:modified_time\" content=\"2024-09-03T07:17:52+00:00\" \/>\n<meta property=\"og:image\" content=\"https:\/\/www.lanestergym.fr\/wp-content\/uploads\/2024\/09\/Publi-site-internet.png\" \/>\n\t<meta property=\"og:image:width\" content=\"1760\" \/>\n\t<meta property=\"og:image:height\" content=\"528\" \/>\n\t<meta property=\"og:image:type\" content=\"image\/png\" \/>\n<meta name=\"author\" content=\"jessica\" \/>\n<meta name=\"twitter:card\" content=\"summary_large_image\" \/>\n<script type=\"application\/ld+json\" class=\"yoast-schema-graph\">{\"@context\":\"https:\/\/schema.org\",\"@graph\":[{\"@type\":\"Article\",\"@id\":\"https:\/\/www.lanestergym.fr\/index.php\/2024\/09\/03\/rentree\/#article\",\"isPartOf\":{\"@id\":\"https:\/\/www.lanestergym.fr\/index.php\/2024\/09\/03\/rentree\/\"},\"author\":{\"name\":\"jessica\",\"@id\":\"https:\/\/www.lanestergym.fr\/#\/schema\/person\/1c489a35af21d383a95175eaed014e98\"},\"headline\":\"# Rentr\u00e9e\",\"datePublished\":\"2024-09-03T07:16:42+00:00\",\"dateModified\":\"2024-09-03T07:17:52+00:00\",\"mainEntityOfPage\":{\"@id\":\"https:\/\/www.lanestergym.fr\/index.php\/2024\/09\/03\/rentree\/\"},\"wordCount\":39,\"publisher\":{\"@id\":\"https:\/\/www.lanestergym.fr\/#organization\"},\"image\":{\"@id\":\"https:\/\/www.lanestergym.fr\/index.php\/2024\/09\/03\/rentree\/#primaryimage\"},\"thumbnailUrl\":\"https:\/\/www.lanestergym.fr\/wp-content\/uploads\/2024\/09\/Publi-site-internet.png\",\"articleSection\":[\"Actus\"],\"inLanguage\":\"fr-FR\"},{\"@type\":\"WebPage\",\"@id\":\"https:\/\/www.lanestergym.fr\/index.php\/2024\/09\/03\/rentree\/\",\"url\":\"https:\/\/www.lanestergym.fr\/index.php\/2024\/09\/03\/rentree\/\",\"name\":\"# Rentr\u00e9e - Lanester Gym\",\"isPartOf\":{\"@id\":\"https:\/\/www.lanestergym.fr\/#website\"},\"primaryImageOfPage\":{\"@id\":\"https:\/\/www.lanestergym.fr\/index.php\/2024\/09\/03\/rentree\/#primaryimage\"},\"image\":{\"@id\":\"https:\/\/www.lanestergym.fr\/index.php\/2024\/09\/03\/rentree\/#primaryimage\"},\"thumbnailUrl\":\"https:\/\/www.lanestergym.fr\/wp-content\/uploads\/2024\/09\/Publi-site-internet.png\",\"datePublished\":\"2024-09-03T07:16:42+00:00\",\"dateModified\":\"2024-09-03T07:17:52+00:00\",\"breadcrumb\":{\"@id\":\"https:\/\/www.lanestergym.fr\/index.php\/2024\/09\/03\/rentree\/#breadcrumb\"},\"inLanguage\":\"fr-FR\",\"potentialAction\":[{\"@type\":\"ReadAction\",\"target\":[\"https:\/\/www.lanestergym.fr\/index.php\/2024\/09\/03\/rentree\/\"]}]},{\"@type\":\"ImageObject\",\"inLanguage\":\"fr-FR\",\"@id\":\"https:\/\/www.lanestergym.fr\/index.php\/2024\/09\/03\/rentree\/#primaryimage\",\"url\":\"https:\/\/www.lanestergym.fr\/wp-content\/uploads\/2024\/09\/Publi-site-internet.png\",\"contentUrl\":\"https:\/\/www.lanestergym.fr\/wp-content\/uploads\/2024\/09\/Publi-site-internet.png\",\"width\":1760,\"height\":528},{\"@type\":\"BreadcrumbList\",\"@id\":\"https:\/\/www.lanestergym.fr\/index.php\/2024\/09\/03\/rentree\/#breadcrumb\",\"itemListElement\":[{\"@type\":\"ListItem\",\"position\":1,\"name\":\"Accueil\",\"item\":\"https:\/\/www.lanestergym.fr\/\"},{\"@type\":\"ListItem\",\"position\":2,\"name\":\"# Rentr\u00e9e\"}]},{\"@type\":\"WebSite\",\"@id\":\"https:\/\/www.lanestergym.fr\/#website\",\"url\":\"https:\/\/www.lanestergym.fr\/\",\"name\":\"Lanester Gym\",\"description\":\"Le club de gymnastique du pays Lorientais\",\"publisher\":{\"@id\":\"https:\/\/www.lanestergym.fr\/#organization\"},\"potentialAction\":[{\"@type\":\"SearchAction\",\"target\":{\"@type\":\"EntryPoint\",\"urlTemplate\":\"https:\/\/www.lanestergym.fr\/?s={search_term_string}\"},\"query-input\":{\"@type\":\"PropertyValueSpecification\",\"valueRequired\":true,\"valueName\":\"search_term_string\"}}],\"inLanguage\":\"fr-FR\"},{\"@type\":\"Organization\",\"@id\":\"https:\/\/www.lanestergym.fr\/#organization\",\"name\":\"Lanester Gym\",\"url\":\"https:\/\/www.lanestergym.fr\/\",\"logo\":{\"@type\":\"ImageObject\",\"inLanguage\":\"fr-FR\",\"@id\":\"https:\/\/www.lanestergym.fr\/#\/schema\/logo\/image\/\",\"url\":\"https:\/\/www.lanestergym.fr\/wp-content\/uploads\/2025\/08\/logo.png\",\"contentUrl\":\"https:\/\/www.lanestergym.fr\/wp-content\/uploads\/2025\/08\/logo.png\",\"width\":462,\"height\":333,\"caption\":\"Lanester Gym\"},\"image\":{\"@id\":\"https:\/\/www.lanestergym.fr\/#\/schema\/logo\/image\/\"},\"sameAs\":[\"https:\/\/www.facebook.com\/gym.lanester.14\",\"https:\/\/www.instagram.com\/lanestergym\/\"]},{\"@type\":\"Person\",\"@id\":\"https:\/\/www.lanestergym.fr\/#\/schema\/person\/1c489a35af21d383a95175eaed014e98\",\"name\":\"jessica\",\"image\":{\"@type\":\"ImageObject\",\"inLanguage\":\"fr-FR\",\"@id\":\"https:\/\/secure.gravatar.com\/avatar\/c7f477f2994962c8b0a058de9d5051f36ce8ad2616cd5ab8fc7b23e245fde109?s=96&d=mm&r=g\",\"url\":\"https:\/\/secure.gravatar.com\/avatar\/c7f477f2994962c8b0a058de9d5051f36ce8ad2616cd5ab8fc7b23e245fde109?s=96&d=mm&r=g\",\"contentUrl\":\"https:\/\/secure.gravatar.com\/avatar\/c7f477f2994962c8b0a058de9d5051f36ce8ad2616cd5ab8fc7b23e245fde109?s=96&d=mm&r=g\",\"caption\":\"jessica\"},\"url\":\"https:\/\/www.lanestergym.fr\/index.php\/author\/jessica\/\"}]}<\/script>\n<!-- \/ Yoast SEO plugin. -->","yoast_head_json":{"title":"# Rentr\u00e9e - Lanester Gym","robots":{"index":"index","follow":"follow","max-snippet":"max-snippet:-1","max-image-preview":"max-image-preview:large","max-video-preview":"max-video-preview:-1"},"canonical":"https:\/\/www.lanestergym.fr\/index.php\/2024\/09\/03\/rentree\/","og_locale":"fr_FR","og_type":"article","og_title":"# Rentr\u00e9e - Lanester Gym","og_description":"L&rsquo;ensemble de nos comp\u00e9titeurs et comp\u00e9titrices ont repris le chemin de l&rsquo;entrainement depuis quelques jours ! Pour l&rsquo;int\u00e9gralit\u00e9 des groupes Loisirs, les cours reprennent \u00e0 partir du 9 septembre ! A vos justos, pr\u00eat, feu &#8212;&#8211;> GOOOOOOOOO !","og_url":"https:\/\/www.lanestergym.fr\/index.php\/2024\/09\/03\/rentree\/","og_site_name":"Lanester Gym","article_publisher":"https:\/\/www.facebook.com\/gym.lanester.14","article_published_time":"2024-09-03T07:16:42+00:00","article_modified_time":"2024-09-03T07:17:52+00:00","og_image":[{"width":1760,"height":528,"url":"https:\/\/www.lanestergym.fr\/wp-content\/uploads\/2024\/09\/Publi-site-internet.png","type":"image\/png"}],"author":"jessica","twitter_card":"summary_large_image","schema":{"@context":"https:\/\/schema.org","@graph":[{"@type":"Article","@id":"https:\/\/www.lanestergym.fr\/index.php\/2024\/09\/03\/rentree\/#article","isPartOf":{"@id":"https:\/\/www.lanestergym.fr\/index.php\/2024\/09\/03\/rentree\/"},"author":{"name":"jessica","@id":"https:\/\/www.lanestergym.fr\/#\/schema\/person\/1c489a35af21d383a95175eaed014e98"},"headline":"# Rentr\u00e9e","datePublished":"2024-09-03T07:16:42+00:00","dateModified":"2024-09-03T07:17:52+00:00","mainEntityOfPage":{"@id":"https:\/\/www.lanestergym.fr\/index.php\/2024\/09\/03\/rentree\/"},"wordCount":39,"publisher":{"@id":"https:\/\/www.lanestergym.fr\/#organization"},"image":{"@id":"https:\/\/www.lanestergym.fr\/index.php\/2024\/09\/03\/rentree\/#primaryimage"},"thumbnailUrl":"https:\/\/www.lanestergym.fr\/wp-content\/uploads\/2024\/09\/Publi-site-internet.png","articleSection":["Actus"],"inLanguage":"fr-FR"},{"@type":"WebPage","@id":"https:\/\/www.lanestergym.fr\/index.php\/2024\/09\/03\/rentree\/","url":"https:\/\/www.lanestergym.fr\/index.php\/2024\/09\/03\/rentree\/","name":"# Rentr\u00e9e - Lanester Gym","isPartOf":{"@id":"https:\/\/www.lanestergym.fr\/#website"},"primaryImageOfPage":{"@id":"https:\/\/www.lanestergym.fr\/index.php\/2024\/09\/03\/rentree\/#primaryimage"},"image":{"@id":"https:\/\/www.lanestergym.fr\/index.php\/2024\/09\/03\/rentree\/#primaryimage"},"thumbnailUrl":"https:\/\/www.lanestergym.fr\/wp-content\/uploads\/2024\/09\/Publi-site-internet.png","datePublished":"2024-09-03T07:16:42+00:00","dateModified":"2024-09-03T07:17:52+00:00","breadcrumb":{"@id":"https:\/\/www.lanestergym.fr\/index.php\/2024\/09\/03\/rentree\/#breadcrumb"},"inLanguage":"fr-FR","potentialAction":[{"@type":"ReadAction","target":["https:\/\/www.lanestergym.fr\/index.php\/2024\/09\/03\/rentree\/"]}]},{"@type":"ImageObject","inLanguage":"fr-FR","@id":"https:\/\/www.lanestergym.fr\/index.php\/2024\/09\/03\/rentree\/#primaryimage","url":"https:\/\/www.lanestergym.fr\/wp-content\/uploads\/2024\/09\/Publi-site-internet.png","contentUrl":"https:\/\/www.lanestergym.fr\/wp-content\/uploads\/2024\/09\/Publi-site-internet.png","width":1760,"height":528},{"@type":"BreadcrumbList","@id":"https:\/\/www.lanestergym.fr\/index.php\/2024\/09\/03\/rentree\/#breadcrumb","itemListElement":[{"@type":"ListItem","position":1,"name":"Accueil","item":"https:\/\/www.lanestergym.fr\/"},{"@type":"ListItem","position":2,"name":"# Rentr\u00e9e"}]},{"@type":"WebSite","@id":"https:\/\/www.lanestergym.fr\/#website","url":"https:\/\/www.lanestergym.fr\/","name":"Lanester Gym","description":"Le club de gymnastique du pays Lorientais","publisher":{"@id":"https:\/\/www.lanestergym.fr\/#organization"},"potentialAction":[{"@type":"SearchAction","target":{"@type":"EntryPoint","urlTemplate":"https:\/\/www.lanestergym.fr\/?s={search_term_string}"},"query-input":{"@type":"PropertyValueSpecification","valueRequired":true,"valueName":"search_term_string"}}],"inLanguage":"fr-FR"},{"@type":"Organization","@id":"https:\/\/www.lanestergym.fr\/#organization","name":"Lanester Gym","url":"https:\/\/www.lanestergym.fr\/","logo":{"@type":"ImageObject","inLanguage":"fr-FR","@id":"https:\/\/www.lanestergym.fr\/#\/schema\/logo\/image\/","url":"https:\/\/www.lanestergym.fr\/wp-content\/uploads\/2025\/08\/logo.png","contentUrl":"https:\/\/www.lanestergym.fr\/wp-content\/uploads\/2025\/08\/logo.png","width":462,"height":333,"caption":"Lanester Gym"},"image":{"@id":"https:\/\/www.lanestergym.fr\/#\/schema\/logo\/image\/"},"sameAs":["https:\/\/www.facebook.com\/gym.lanester.14","https:\/\/www.instagram.com\/lanestergym\/"]},{"@type":"Person","@id":"https:\/\/www.lanestergym.fr\/#\/schema\/person\/1c489a35af21d383a95175eaed014e98","name":"jessica","image":{"@type":"ImageObject","inLanguage":"fr-FR","@id":"https:\/\/secure.gravatar.com\/avatar\/c7f477f2994962c8b0a058de9d5051f36ce8ad2616cd5ab8fc7b23e245fde109?s=96&d=mm&r=g","url":"https:\/\/secure.gravatar.com\/avatar\/c7f477f2994962c8b0a058de9d5051f36ce8ad2616cd5ab8fc7b23e245fde109?s=96&d=mm&r=g","contentUrl":"https:\/\/secure.gravatar.com\/avatar\/c7f477f2994962c8b0a058de9d5051f36ce8ad2616cd5ab8fc7b23e245fde109?s=96&d=mm&r=g","caption":"jessica"},"url":"https:\/\/www.lanestergym.fr\/index.php\/author\/jessica\/"}]}},"uagb_featured_image_src":{"full":["https:\/\/www.lanestergym.fr\/wp-content\/uploads\/2024\/09\/Publi-site-internet.png",1760,528,false],"thumbnail":["https:\/\/www.lanestergym.fr\/wp-content\/uploads\/2024\/09\/Publi-site-internet-150x150.png",150,150,true],"medium":["https:\/\/www.lanestergym.fr\/wp-content\/uploads\/2024\/09\/Publi-site-internet-300x90.png",300,90,true],"medium_large":["https:\/\/www.lanestergym.fr\/wp-content\/uploads\/2024\/09\/Publi-site-internet-768x230.png",768,230,true],"large":["https:\/\/www.lanestergym.fr\/wp-content\/uploads\/2024\/09\/Publi-site-internet-1024x307.png",1024,307,true],"1536x1536":["https:\/\/www.lanestergym.fr\/wp-content\/uploads\/2024\/09\/Publi-site-internet-1536x461.png",1536,461,true],"2048x2048":["https:\/\/www.lanestergym.fr\/wp-content\/uploads\/2024\/09\/Publi-site-internet.png",1760,528,false]},"uagb_author_info":{"display_name":"jessica","author_link":"https:\/\/www.lanestergym.fr\/index.php\/author\/jessica\/"},"uagb_comment_info":0,"uagb_excerpt":"L&rsquo;ensemble de nos comp\u00e9titeurs et comp\u00e9titrices ont repris le chemin de l&rsquo;entrainement depuis quelques jours ! Pour l&rsquo;int\u00e9gralit\u00e9 des groupes Loisirs, les cours reprennent \u00e0 partir du 9 septembre ! A vos justos, pr\u00eat, feu &#8212;&#8211;> GOOOOOOOOO !","_links":{"self":[{"href":"https:\/\/www.lanestergym.fr\/index.php\/wp-json\/wp\/v2\/posts\/732","targetHints":{"allow":["GET"]}}],"collection":[{"href":"https:\/\/www.lanestergym.fr\/index.php\/wp-json\/wp\/v2\/posts"}],"about":[{"href":"https:\/\/www.lanestergym.fr\/index.php\/wp-json\/wp\/v2\/types\/post"}],"author":[{"embeddable":true,"href":"https:\/\/www.lanestergym.fr\/index.php\/wp-json\/wp\/v2\/users\/3"}],"replies":[{"embeddable":true,"href":"https:\/\/www.lanestergym.fr\/index.php\/wp-json\/wp\/v2\/comments?post=732"}],"version-history":[{"count":1,"href":"https:\/\/www.lanestergym.fr\/index.php\/wp-json\/wp\/v2\/posts\/732\/revisions"}],"predecessor-version":[{"id":734,"href":"https:\/\/www.lanestergym.fr\/index.php\/wp-json\/wp\/v2\/posts\/732\/revisions\/734"}],"wp:featuredmedia":[{"embeddable":true,"href":"https:\/\/www.lanestergym.fr\/index.php\/wp-json\/wp\/v2\/media\/733"}],"wp:attachment":[{"href":"https:\/\/www.lanestergym.fr\/index.php\/wp-json\/wp\/v2\/media?parent=732"}],"wp:term":[{"taxonomy":"category","embeddable":true,"href":"https:\/\/www.lanestergym.fr\/index.php\/wp-json\/wp\/v2\/categories?post=732"},{"taxonomy":"post_tag","embeddable":true,"href":"https:\/\/www.lanestergym.fr\/index.php\/wp-json\/wp\/v2\/tags?post=732"}],"curies":[{"name":"wp","href":"https:\/\/api.w.org\/{rel}","templated":true}]}}