{"id":180,"date":"2025-08-24T19:38:45","date_gmt":"2025-08-24T17:38:45","guid":{"rendered":"https:\/\/lanestergymdotfr.wordpress.com\/?p=180"},"modified":"2025-08-24T23:02:31","modified_gmt":"2025-08-24T21:02:31","slug":"nouvelle-saison-pour-lanester-gym-competitions-evenements-et-convivialite-au-rendez-vous","status":"publish","type":"post","link":"https:\/\/www.lanestergym.fr\/index.php\/2025\/08\/24\/nouvelle-saison-pour-lanester-gym-competitions-evenements-et-convivialite-au-rendez-vous\/","title":{"rendered":"Nouvelle saison pour Lanester Gym : comp\u00e9titions, \u00e9v\u00e9nements et convivialit\u00e9 au rendez-vous !"},"content":{"rendered":"\n<p>La saison 2025-2026 d\u00e9marre bient\u00f4t et toute l\u2019\u00e9quipe de <strong>Lanester Gym<\/strong> est impatiente de retrouver ses gymnastes, b\u00e9n\u00e9voles, familles et supporters pour une ann\u00e9e riche en \u00e9motions.<\/p>\n\n\n\n<p>Au programme de cette nouvelle saison :<br>\ud83e\udd38\u200d\u2640\ufe0f <strong>De nouvelles comp\u00e9titions<\/strong> pour nos gymnastes, avec de beaux d\u00e9fis sportifs \u00e0 relever.<br>\ud83e\udd73 <strong>Des \u00e9v\u00e9nements festifs<\/strong> qui rythmeront l\u2019ann\u00e9e et permettront de partager des moments conviviaux tous ensemble.<br>\ud83d\udcaa <strong>Une \u00e9quipe motiv\u00e9e<\/strong> qui a besoin de toutes les bonnes volont\u00e9s pour faire vivre et grandir le club.<\/p>\n\n\n\n<p>Pour bien pr\u00e9parer cette reprise, nous vous donnons rendez-vous \u00e0 une :<\/p>\n\n\n\n<p>\ud83d\udcc5 <strong>R\u00e9union amicale<\/strong><br>\ud83d\udd62 Vendredi <strong>5 septembre 2025<\/strong> \u00e0 <strong>19h30<\/strong><br>\ud83d\udccd Salle de r\u00e9union du gymnase<\/p>\n\n\n\n<p>Ce moment convivial (autour d\u2019un ap\u00e9ritif \ud83d\ude09) est ouvert \u00e0 <strong>toutes les personnes souhaitant aider le club<\/strong>, de pr\u00e8s ou de loin. Que vous soyez parent, ancien gymnaste ou simplement ami du club, votre soutien est pr\u00e9cieux !<\/p>\n\n\n\n<p>\ud83d\udc49 Venez partager vos id\u00e9es, votre \u00e9nergie et votre enthousiasme pour construire ensemble une belle saison sportive et festive.<\/p>\n","protected":false},"excerpt":{"rendered":"<p>La saison 2025-2026 d\u00e9marre bient\u00f4t et toute l\u2019\u00e9quipe de Lanester Gym est impatiente de retrouver ses gymnastes, b\u00e9n\u00e9voles, familles et supporters pour une ann\u00e9e riche en \u00e9motions. Au programme de cette nouvelle saison :\ud83e\udd38\u200d\u2640\ufe0f De nouvelles comp\u00e9titions pour nos gymnastes, avec de beaux d\u00e9fis sportifs \u00e0 relever.\ud83e\udd73 Des \u00e9v\u00e9nements festifs qui rythmeront l\u2019ann\u00e9e et permettront [&hellip;]<\/p>\n","protected":false},"author":4,"featured_media":996,"comment_status":"open","ping_status":"open","sticky":false,"template":"","format":"standard","meta":{"_uag_custom_page_level_css":"","footnotes":""},"categories":[14],"tags":[],"class_list":["post-180","post","type-post","status-publish","format-standard","has-post-thumbnail","hentry","category-actus"],"yoast_head":"<!-- This site is optimized with the Yoast SEO plugin v27.2 - https:\/\/yoast.com\/product\/yoast-seo-wordpress\/ -->\n<title>Nouvelle saison pour Lanester Gym : comp\u00e9titions, \u00e9v\u00e9nements et convivialit\u00e9 au rendez-vous ! - Lanester Gym<\/title>\n<meta name=\"robots\" content=\"index, follow, max-snippet:-1, max-image-preview:large, max-video-preview:-1\" \/>\n<link rel=\"canonical\" href=\"https:\/\/www.lanestergym.fr\/index.php\/2025\/08\/24\/nouvelle-saison-pour-lanester-gym-competitions-evenements-et-convivialite-au-rendez-vous\/\" \/>\n<meta property=\"og:locale\" content=\"fr_FR\" \/>\n<meta property=\"og:type\" content=\"article\" \/>\n<meta property=\"og:title\" content=\"Nouvelle saison pour Lanester Gym : comp\u00e9titions, \u00e9v\u00e9nements et convivialit\u00e9 au rendez-vous ! - Lanester Gym\" \/>\n<meta property=\"og:description\" content=\"La saison 2025-2026 d\u00e9marre bient\u00f4t et toute l\u2019\u00e9quipe de Lanester Gym est impatiente de retrouver ses gymnastes, b\u00e9n\u00e9voles, familles et supporters pour une ann\u00e9e riche en \u00e9motions. Au programme de cette nouvelle saison :\ud83e\udd38\u200d\u2640\ufe0f De nouvelles comp\u00e9titions pour nos gymnastes, avec de beaux d\u00e9fis sportifs \u00e0 relever.\ud83e\udd73 Des \u00e9v\u00e9nements festifs qui rythmeront l\u2019ann\u00e9e et permettront [&hellip;]\" \/>\n<meta property=\"og:url\" content=\"https:\/\/www.lanestergym.fr\/index.php\/2025\/08\/24\/nouvelle-saison-pour-lanester-gym-competitions-evenements-et-convivialite-au-rendez-vous\/\" \/>\n<meta property=\"og:site_name\" content=\"Lanester Gym\" \/>\n<meta property=\"article:publisher\" content=\"https:\/\/www.facebook.com\/gym.lanester.14\" \/>\n<meta property=\"article:published_time\" content=\"2025-08-24T17:38:45+00:00\" \/>\n<meta property=\"article:modified_time\" content=\"2025-08-24T21:02:31+00:00\" \/>\n<meta property=\"og:image\" content=\"https:\/\/www.lanestergym.fr\/wp-content\/uploads\/2025\/08\/Affiche-Annonce-Evenement-Soiree-Apero-Tapas-Illustre-Colore-1.jpg\" \/>\n\t<meta property=\"og:image:width\" content=\"1357\" \/>\n\t<meta property=\"og:image:height\" content=\"1920\" \/>\n\t<meta property=\"og:image:type\" content=\"image\/jpeg\" \/>\n<meta name=\"author\" content=\"jerome\" \/>\n<meta name=\"twitter:card\" content=\"summary_large_image\" \/>\n<script type=\"application\/ld+json\" class=\"yoast-schema-graph\">{\"@context\":\"https:\/\/schema.org\",\"@graph\":[{\"@type\":\"Article\",\"@id\":\"https:\/\/www.lanestergym.fr\/index.php\/2025\/08\/24\/nouvelle-saison-pour-lanester-gym-competitions-evenements-et-convivialite-au-rendez-vous\/#article\",\"isPartOf\":{\"@id\":\"https:\/\/www.lanestergym.fr\/index.php\/2025\/08\/24\/nouvelle-saison-pour-lanester-gym-competitions-evenements-et-convivialite-au-rendez-vous\/\"},\"author\":{\"name\":\"jerome\",\"@id\":\"https:\/\/www.lanestergym.fr\/#\/schema\/person\/0ebf79237aa20fc0a595d32db31c25e2\"},\"headline\":\"Nouvelle saison pour Lanester Gym : comp\u00e9titions, \u00e9v\u00e9nements et convivialit\u00e9 au rendez-vous !\",\"datePublished\":\"2025-08-24T17:38:45+00:00\",\"dateModified\":\"2025-08-24T21:02:31+00:00\",\"mainEntityOfPage\":{\"@id\":\"https:\/\/www.lanestergym.fr\/index.php\/2025\/08\/24\/nouvelle-saison-pour-lanester-gym-competitions-evenements-et-convivialite-au-rendez-vous\/\"},\"wordCount\":185,\"commentCount\":0,\"publisher\":{\"@id\":\"https:\/\/www.lanestergym.fr\/#organization\"},\"image\":{\"@id\":\"https:\/\/www.lanestergym.fr\/index.php\/2025\/08\/24\/nouvelle-saison-pour-lanester-gym-competitions-evenements-et-convivialite-au-rendez-vous\/#primaryimage\"},\"thumbnailUrl\":\"https:\/\/www.lanestergym.fr\/wp-content\/uploads\/2025\/08\/Affiche-Annonce-Evenement-Soiree-Apero-Tapas-Illustre-Colore-1.jpg\",\"articleSection\":[\"Actus\"],\"inLanguage\":\"fr-FR\",\"potentialAction\":[{\"@type\":\"CommentAction\",\"name\":\"Comment\",\"target\":[\"https:\/\/www.lanestergym.fr\/index.php\/2025\/08\/24\/nouvelle-saison-pour-lanester-gym-competitions-evenements-et-convivialite-au-rendez-vous\/#respond\"]}]},{\"@type\":\"WebPage\",\"@id\":\"https:\/\/www.lanestergym.fr\/index.php\/2025\/08\/24\/nouvelle-saison-pour-lanester-gym-competitions-evenements-et-convivialite-au-rendez-vous\/\",\"url\":\"https:\/\/www.lanestergym.fr\/index.php\/2025\/08\/24\/nouvelle-saison-pour-lanester-gym-competitions-evenements-et-convivialite-au-rendez-vous\/\",\"name\":\"Nouvelle saison pour Lanester Gym : comp\u00e9titions, \u00e9v\u00e9nements et convivialit\u00e9 au rendez-vous ! - Lanester Gym\",\"isPartOf\":{\"@id\":\"https:\/\/www.lanestergym.fr\/#website\"},\"primaryImageOfPage\":{\"@id\":\"https:\/\/www.lanestergym.fr\/index.php\/2025\/08\/24\/nouvelle-saison-pour-lanester-gym-competitions-evenements-et-convivialite-au-rendez-vous\/#primaryimage\"},\"image\":{\"@id\":\"https:\/\/www.lanestergym.fr\/index.php\/2025\/08\/24\/nouvelle-saison-pour-lanester-gym-competitions-evenements-et-convivialite-au-rendez-vous\/#primaryimage\"},\"thumbnailUrl\":\"https:\/\/www.lanestergym.fr\/wp-content\/uploads\/2025\/08\/Affiche-Annonce-Evenement-Soiree-Apero-Tapas-Illustre-Colore-1.jpg\",\"datePublished\":\"2025-08-24T17:38:45+00:00\",\"dateModified\":\"2025-08-24T21:02:31+00:00\",\"breadcrumb\":{\"@id\":\"https:\/\/www.lanestergym.fr\/index.php\/2025\/08\/24\/nouvelle-saison-pour-lanester-gym-competitions-evenements-et-convivialite-au-rendez-vous\/#breadcrumb\"},\"inLanguage\":\"fr-FR\",\"potentialAction\":[{\"@type\":\"ReadAction\",\"target\":[\"https:\/\/www.lanestergym.fr\/index.php\/2025\/08\/24\/nouvelle-saison-pour-lanester-gym-competitions-evenements-et-convivialite-au-rendez-vous\/\"]}]},{\"@type\":\"ImageObject\",\"inLanguage\":\"fr-FR\",\"@id\":\"https:\/\/www.lanestergym.fr\/index.php\/2025\/08\/24\/nouvelle-saison-pour-lanester-gym-competitions-evenements-et-convivialite-au-rendez-vous\/#primaryimage\",\"url\":\"https:\/\/www.lanestergym.fr\/wp-content\/uploads\/2025\/08\/Affiche-Annonce-Evenement-Soiree-Apero-Tapas-Illustre-Colore-1.jpg\",\"contentUrl\":\"https:\/\/www.lanestergym.fr\/wp-content\/uploads\/2025\/08\/Affiche-Annonce-Evenement-Soiree-Apero-Tapas-Illustre-Colore-1.jpg\",\"width\":1357,\"height\":1920},{\"@type\":\"BreadcrumbList\",\"@id\":\"https:\/\/www.lanestergym.fr\/index.php\/2025\/08\/24\/nouvelle-saison-pour-lanester-gym-competitions-evenements-et-convivialite-au-rendez-vous\/#breadcrumb\",\"itemListElement\":[{\"@type\":\"ListItem\",\"position\":1,\"name\":\"Accueil\",\"item\":\"https:\/\/www.lanestergym.fr\/\"},{\"@type\":\"ListItem\",\"position\":2,\"name\":\"Nouvelle saison pour Lanester Gym : comp\u00e9titions, \u00e9v\u00e9nements et convivialit\u00e9 au rendez-vous !\"}]},{\"@type\":\"WebSite\",\"@id\":\"https:\/\/www.lanestergym.fr\/#website\",\"url\":\"https:\/\/www.lanestergym.fr\/\",\"name\":\"Lanester Gym\",\"description\":\"Le club de gymnastique du pays Lorientais\",\"publisher\":{\"@id\":\"https:\/\/www.lanestergym.fr\/#organization\"},\"potentialAction\":[{\"@type\":\"SearchAction\",\"target\":{\"@type\":\"EntryPoint\",\"urlTemplate\":\"https:\/\/www.lanestergym.fr\/?s={search_term_string}\"},\"query-input\":{\"@type\":\"PropertyValueSpecification\",\"valueRequired\":true,\"valueName\":\"search_term_string\"}}],\"inLanguage\":\"fr-FR\"},{\"@type\":\"Organization\",\"@id\":\"https:\/\/www.lanestergym.fr\/#organization\",\"name\":\"Lanester Gym\",\"url\":\"https:\/\/www.lanestergym.fr\/\",\"logo\":{\"@type\":\"ImageObject\",\"inLanguage\":\"fr-FR\",\"@id\":\"https:\/\/www.lanestergym.fr\/#\/schema\/logo\/image\/\",\"url\":\"https:\/\/www.lanestergym.fr\/wp-content\/uploads\/2025\/08\/logo.png\",\"contentUrl\":\"https:\/\/www.lanestergym.fr\/wp-content\/uploads\/2025\/08\/logo.png\",\"width\":462,\"height\":333,\"caption\":\"Lanester Gym\"},\"image\":{\"@id\":\"https:\/\/www.lanestergym.fr\/#\/schema\/logo\/image\/\"},\"sameAs\":[\"https:\/\/www.facebook.com\/gym.lanester.14\",\"https:\/\/www.instagram.com\/lanestergym\/\"]},{\"@type\":\"Person\",\"@id\":\"https:\/\/www.lanestergym.fr\/#\/schema\/person\/0ebf79237aa20fc0a595d32db31c25e2\",\"name\":\"jerome\",\"image\":{\"@type\":\"ImageObject\",\"inLanguage\":\"fr-FR\",\"@id\":\"https:\/\/secure.gravatar.com\/avatar\/13baf0a2208892549abbfb9bb4e196aa8f30dc549735df5378cbf3a19905814f?s=96&d=mm&r=g\",\"url\":\"https:\/\/secure.gravatar.com\/avatar\/13baf0a2208892549abbfb9bb4e196aa8f30dc549735df5378cbf3a19905814f?s=96&d=mm&r=g\",\"contentUrl\":\"https:\/\/secure.gravatar.com\/avatar\/13baf0a2208892549abbfb9bb4e196aa8f30dc549735df5378cbf3a19905814f?s=96&d=mm&r=g\",\"caption\":\"jerome\"},\"url\":\"https:\/\/www.lanestergym.fr\/index.php\/author\/jerome\/\"}]}<\/script>\n<!-- \/ Yoast SEO plugin. -->","yoast_head_json":{"title":"Nouvelle saison pour Lanester Gym : comp\u00e9titions, \u00e9v\u00e9nements et convivialit\u00e9 au rendez-vous ! - Lanester Gym","robots":{"index":"index","follow":"follow","max-snippet":"max-snippet:-1","max-image-preview":"max-image-preview:large","max-video-preview":"max-video-preview:-1"},"canonical":"https:\/\/www.lanestergym.fr\/index.php\/2025\/08\/24\/nouvelle-saison-pour-lanester-gym-competitions-evenements-et-convivialite-au-rendez-vous\/","og_locale":"fr_FR","og_type":"article","og_title":"Nouvelle saison pour Lanester Gym : comp\u00e9titions, \u00e9v\u00e9nements et convivialit\u00e9 au rendez-vous ! - Lanester Gym","og_description":"La saison 2025-2026 d\u00e9marre bient\u00f4t et toute l\u2019\u00e9quipe de Lanester Gym est impatiente de retrouver ses gymnastes, b\u00e9n\u00e9voles, familles et supporters pour une ann\u00e9e riche en \u00e9motions. Au programme de cette nouvelle saison :\ud83e\udd38\u200d\u2640\ufe0f De nouvelles comp\u00e9titions pour nos gymnastes, avec de beaux d\u00e9fis sportifs \u00e0 relever.\ud83e\udd73 Des \u00e9v\u00e9nements festifs qui rythmeront l\u2019ann\u00e9e et permettront [&hellip;]","og_url":"https:\/\/www.lanestergym.fr\/index.php\/2025\/08\/24\/nouvelle-saison-pour-lanester-gym-competitions-evenements-et-convivialite-au-rendez-vous\/","og_site_name":"Lanester Gym","article_publisher":"https:\/\/www.facebook.com\/gym.lanester.14","article_published_time":"2025-08-24T17:38:45+00:00","article_modified_time":"2025-08-24T21:02:31+00:00","og_image":[{"width":1357,"height":1920,"url":"https:\/\/www.lanestergym.fr\/wp-content\/uploads\/2025\/08\/Affiche-Annonce-Evenement-Soiree-Apero-Tapas-Illustre-Colore-1.jpg","type":"image\/jpeg"}],"author":"jerome","twitter_card":"summary_large_image","schema":{"@context":"https:\/\/schema.org","@graph":[{"@type":"Article","@id":"https:\/\/www.lanestergym.fr\/index.php\/2025\/08\/24\/nouvelle-saison-pour-lanester-gym-competitions-evenements-et-convivialite-au-rendez-vous\/#article","isPartOf":{"@id":"https:\/\/www.lanestergym.fr\/index.php\/2025\/08\/24\/nouvelle-saison-pour-lanester-gym-competitions-evenements-et-convivialite-au-rendez-vous\/"},"author":{"name":"jerome","@id":"https:\/\/www.lanestergym.fr\/#\/schema\/person\/0ebf79237aa20fc0a595d32db31c25e2"},"headline":"Nouvelle saison pour Lanester Gym : comp\u00e9titions, \u00e9v\u00e9nements et convivialit\u00e9 au rendez-vous !","datePublished":"2025-08-24T17:38:45+00:00","dateModified":"2025-08-24T21:02:31+00:00","mainEntityOfPage":{"@id":"https:\/\/www.lanestergym.fr\/index.php\/2025\/08\/24\/nouvelle-saison-pour-lanester-gym-competitions-evenements-et-convivialite-au-rendez-vous\/"},"wordCount":185,"commentCount":0,"publisher":{"@id":"https:\/\/www.lanestergym.fr\/#organization"},"image":{"@id":"https:\/\/www.lanestergym.fr\/index.php\/2025\/08\/24\/nouvelle-saison-pour-lanester-gym-competitions-evenements-et-convivialite-au-rendez-vous\/#primaryimage"},"thumbnailUrl":"https:\/\/www.lanestergym.fr\/wp-content\/uploads\/2025\/08\/Affiche-Annonce-Evenement-Soiree-Apero-Tapas-Illustre-Colore-1.jpg","articleSection":["Actus"],"inLanguage":"fr-FR","potentialAction":[{"@type":"CommentAction","name":"Comment","target":["https:\/\/www.lanestergym.fr\/index.php\/2025\/08\/24\/nouvelle-saison-pour-lanester-gym-competitions-evenements-et-convivialite-au-rendez-vous\/#respond"]}]},{"@type":"WebPage","@id":"https:\/\/www.lanestergym.fr\/index.php\/2025\/08\/24\/nouvelle-saison-pour-lanester-gym-competitions-evenements-et-convivialite-au-rendez-vous\/","url":"https:\/\/www.lanestergym.fr\/index.php\/2025\/08\/24\/nouvelle-saison-pour-lanester-gym-competitions-evenements-et-convivialite-au-rendez-vous\/","name":"Nouvelle saison pour Lanester Gym : comp\u00e9titions, \u00e9v\u00e9nements et convivialit\u00e9 au rendez-vous ! - Lanester Gym","isPartOf":{"@id":"https:\/\/www.lanestergym.fr\/#website"},"primaryImageOfPage":{"@id":"https:\/\/www.lanestergym.fr\/index.php\/2025\/08\/24\/nouvelle-saison-pour-lanester-gym-competitions-evenements-et-convivialite-au-rendez-vous\/#primaryimage"},"image":{"@id":"https:\/\/www.lanestergym.fr\/index.php\/2025\/08\/24\/nouvelle-saison-pour-lanester-gym-competitions-evenements-et-convivialite-au-rendez-vous\/#primaryimage"},"thumbnailUrl":"https:\/\/www.lanestergym.fr\/wp-content\/uploads\/2025\/08\/Affiche-Annonce-Evenement-Soiree-Apero-Tapas-Illustre-Colore-1.jpg","datePublished":"2025-08-24T17:38:45+00:00","dateModified":"2025-08-24T21:02:31+00:00","breadcrumb":{"@id":"https:\/\/www.lanestergym.fr\/index.php\/2025\/08\/24\/nouvelle-saison-pour-lanester-gym-competitions-evenements-et-convivialite-au-rendez-vous\/#breadcrumb"},"inLanguage":"fr-FR","potentialAction":[{"@type":"ReadAction","target":["https:\/\/www.lanestergym.fr\/index.php\/2025\/08\/24\/nouvelle-saison-pour-lanester-gym-competitions-evenements-et-convivialite-au-rendez-vous\/"]}]},{"@type":"ImageObject","inLanguage":"fr-FR","@id":"https:\/\/www.lanestergym.fr\/index.php\/2025\/08\/24\/nouvelle-saison-pour-lanester-gym-competitions-evenements-et-convivialite-au-rendez-vous\/#primaryimage","url":"https:\/\/www.lanestergym.fr\/wp-content\/uploads\/2025\/08\/Affiche-Annonce-Evenement-Soiree-Apero-Tapas-Illustre-Colore-1.jpg","contentUrl":"https:\/\/www.lanestergym.fr\/wp-content\/uploads\/2025\/08\/Affiche-Annonce-Evenement-Soiree-Apero-Tapas-Illustre-Colore-1.jpg","width":1357,"height":1920},{"@type":"BreadcrumbList","@id":"https:\/\/www.lanestergym.fr\/index.php\/2025\/08\/24\/nouvelle-saison-pour-lanester-gym-competitions-evenements-et-convivialite-au-rendez-vous\/#breadcrumb","itemListElement":[{"@type":"ListItem","position":1,"name":"Accueil","item":"https:\/\/www.lanestergym.fr\/"},{"@type":"ListItem","position":2,"name":"Nouvelle saison pour Lanester Gym : comp\u00e9titions, \u00e9v\u00e9nements et convivialit\u00e9 au rendez-vous !"}]},{"@type":"WebSite","@id":"https:\/\/www.lanestergym.fr\/#website","url":"https:\/\/www.lanestergym.fr\/","name":"Lanester Gym","description":"Le club de gymnastique du pays Lorientais","publisher":{"@id":"https:\/\/www.lanestergym.fr\/#organization"},"potentialAction":[{"@type":"SearchAction","target":{"@type":"EntryPoint","urlTemplate":"https:\/\/www.lanestergym.fr\/?s={search_term_string}"},"query-input":{"@type":"PropertyValueSpecification","valueRequired":true,"valueName":"search_term_string"}}],"inLanguage":"fr-FR"},{"@type":"Organization","@id":"https:\/\/www.lanestergym.fr\/#organization","name":"Lanester Gym","url":"https:\/\/www.lanestergym.fr\/","logo":{"@type":"ImageObject","inLanguage":"fr-FR","@id":"https:\/\/www.lanestergym.fr\/#\/schema\/logo\/image\/","url":"https:\/\/www.lanestergym.fr\/wp-content\/uploads\/2025\/08\/logo.png","contentUrl":"https:\/\/www.lanestergym.fr\/wp-content\/uploads\/2025\/08\/logo.png","width":462,"height":333,"caption":"Lanester Gym"},"image":{"@id":"https:\/\/www.lanestergym.fr\/#\/schema\/logo\/image\/"},"sameAs":["https:\/\/www.facebook.com\/gym.lanester.14","https:\/\/www.instagram.com\/lanestergym\/"]},{"@type":"Person","@id":"https:\/\/www.lanestergym.fr\/#\/schema\/person\/0ebf79237aa20fc0a595d32db31c25e2","name":"jerome","image":{"@type":"ImageObject","inLanguage":"fr-FR","@id":"https:\/\/secure.gravatar.com\/avatar\/13baf0a2208892549abbfb9bb4e196aa8f30dc549735df5378cbf3a19905814f?s=96&d=mm&r=g","url":"https:\/\/secure.gravatar.com\/avatar\/13baf0a2208892549abbfb9bb4e196aa8f30dc549735df5378cbf3a19905814f?s=96&d=mm&r=g","contentUrl":"https:\/\/secure.gravatar.com\/avatar\/13baf0a2208892549abbfb9bb4e196aa8f30dc549735df5378cbf3a19905814f?s=96&d=mm&r=g","caption":"jerome"},"url":"https:\/\/www.lanestergym.fr\/index.php\/author\/jerome\/"}]}},"uagb_featured_image_src":{"full":["https:\/\/www.lanestergym.fr\/wp-content\/uploads\/2025\/08\/Affiche-Annonce-Evenement-Soiree-Apero-Tapas-Illustre-Colore-1.jpg",1357,1920,false],"thumbnail":["https:\/\/www.lanestergym.fr\/wp-content\/uploads\/2025\/08\/Affiche-Annonce-Evenement-Soiree-Apero-Tapas-Illustre-Colore-1-150x150.jpg",150,150,true],"medium":["https:\/\/www.lanestergym.fr\/wp-content\/uploads\/2025\/08\/Affiche-Annonce-Evenement-Soiree-Apero-Tapas-Illustre-Colore-1-212x300.jpg",212,300,true],"medium_large":["https:\/\/www.lanestergym.fr\/wp-content\/uploads\/2025\/08\/Affiche-Annonce-Evenement-Soiree-Apero-Tapas-Illustre-Colore-1-768x1087.jpg",768,1087,true],"large":["https:\/\/www.lanestergym.fr\/wp-content\/uploads\/2025\/08\/Affiche-Annonce-Evenement-Soiree-Apero-Tapas-Illustre-Colore-1-724x1024.jpg",724,1024,true],"1536x1536":["https:\/\/www.lanestergym.fr\/wp-content\/uploads\/2025\/08\/Affiche-Annonce-Evenement-Soiree-Apero-Tapas-Illustre-Colore-1-1086x1536.jpg",1086,1536,true],"2048x2048":["https:\/\/www.lanestergym.fr\/wp-content\/uploads\/2025\/08\/Affiche-Annonce-Evenement-Soiree-Apero-Tapas-Illustre-Colore-1.jpg",1357,1920,false]},"uagb_author_info":{"display_name":"jerome","author_link":"https:\/\/www.lanestergym.fr\/index.php\/author\/jerome\/"},"uagb_comment_info":4,"uagb_excerpt":"La saison 2025-2026 d\u00e9marre bient\u00f4t et toute l\u2019\u00e9quipe de Lanester Gym est impatiente de retrouver ses gymnastes, b\u00e9n\u00e9voles, familles et supporters pour une ann\u00e9e riche en \u00e9motions. Au programme de cette nouvelle saison :\ud83e\udd38\u200d\u2640\ufe0f De nouvelles comp\u00e9titions pour nos gymnastes, avec de beaux d\u00e9fis sportifs \u00e0 relever.\ud83e\udd73 Des \u00e9v\u00e9nements festifs qui rythmeront l\u2019ann\u00e9e et permettront\u2026","_links":{"self":[{"href":"https:\/\/www.lanestergym.fr\/index.php\/wp-json\/wp\/v2\/posts\/180","targetHints":{"allow":["GET"]}}],"collection":[{"href":"https:\/\/www.lanestergym.fr\/index.php\/wp-json\/wp\/v2\/posts"}],"about":[{"href":"https:\/\/www.lanestergym.fr\/index.php\/wp-json\/wp\/v2\/types\/post"}],"author":[{"embeddable":true,"href":"https:\/\/www.lanestergym.fr\/index.php\/wp-json\/wp\/v2\/users\/4"}],"replies":[{"embeddable":true,"href":"https:\/\/www.lanestergym.fr\/index.php\/wp-json\/wp\/v2\/comments?post=180"}],"version-history":[{"count":1,"href":"https:\/\/www.lanestergym.fr\/index.php\/wp-json\/wp\/v2\/posts\/180\/revisions"}],"predecessor-version":[{"id":947,"href":"https:\/\/www.lanestergym.fr\/index.php\/wp-json\/wp\/v2\/posts\/180\/revisions\/947"}],"wp:featuredmedia":[{"embeddable":true,"href":"https:\/\/www.lanestergym.fr\/index.php\/wp-json\/wp\/v2\/media\/996"}],"wp:attachment":[{"href":"https:\/\/www.lanestergym.fr\/index.php\/wp-json\/wp\/v2\/media?parent=180"}],"wp:term":[{"taxonomy":"category","embeddable":true,"href":"https:\/\/www.lanestergym.fr\/index.php\/wp-json\/wp\/v2\/categories?post=180"},{"taxonomy":"post_tag","embeddable":true,"href":"https:\/\/www.lanestergym.fr\/index.php\/wp-json\/wp\/v2\/tags?post=180"}],"curies":[{"name":"wp","href":"https:\/\/api.w.org\/{rel}","templated":true}]}}