{"id":168,"date":"2025-08-23T19:34:55","date_gmt":"2025-08-23T17:34:55","guid":{"rendered":"https:\/\/lanestergymdotfr.wordpress.com\/?p=168"},"modified":"2025-08-24T23:03:55","modified_gmt":"2025-08-24T21:03:55","slug":"reprise","status":"publish","type":"post","link":"https:\/\/www.lanestergym.fr\/index.php\/2025\/08\/23\/reprise\/","title":{"rendered":"Reprise"},"content":{"rendered":"\n<p>Reprise pour certains athl\u00e8tes bretons cette semaine \u00e0 lanester<\/p>\n\n\n\n<p>\u00c9change club formateur &#8211; Centre regional de Bretagne <a href=\"https:\/\/www.facebook.com\/VilleDeLanester?__cft__[0]=AZWPn34QrwA0OxK11VDiTtdMW6ER6HxcPk1CQkaYFeIDyziHwu5lFbJtuCAqd2cP0AOyJOBO-TpmzPR5WHhXetD70G2Ln7EGXDzik2NUnoXQTMhTeinZFe4EboKGp684E2zTDEGUKDRDSQLXt6_sCoPmLC0ia6cuDz82z6bKI1K-W1hdI2O5YFwUGq0lXLfMGiE&amp;__tn__=-]K-R\">Ville de Lanester<\/a><a href=\"https:\/\/www.facebook.com\/profile.php?id=100063582159770&amp;__cft__[0]=AZWPn34QrwA0OxK11VDiTtdMW6ER6HxcPk1CQkaYFeIDyziHwu5lFbJtuCAqd2cP0AOyJOBO-TpmzPR5WHhXetD70G2Ln7EGXDzik2NUnoXQTMhTeinZFe4EboKGp684E2zTDEGUKDRDSQLXt6_sCoPmLC0ia6cuDz82z6bKI1K-W1hdI2O5YFwUGq0lXLfMGiE&amp;__tn__=-]K-R\">Comit\u00e9 de Bretagne de gymnastique<\/a><\/p>\n\n\n\n<figure class=\"wp-block-image size-large\"><img decoding=\"async\" src=\"https:\/\/lanestergymdotfr.wordpress.com\/wp-content\/uploads\/2025\/08\/image.png?w=1024\" alt=\"\" class=\"wp-image-169\" \/><\/figure>\n","protected":false},"excerpt":{"rendered":"<p>Reprise pour certains athl\u00e8tes bretons cette semaine \u00e0 lanester \u00c9change club formateur &#8211; Centre regional de Bretagne Ville de LanesterComit\u00e9 de Bretagne de gymnastique<\/p>\n","protected":false},"author":4,"featured_media":997,"comment_status":"open","ping_status":"open","sticky":false,"template":"","format":"standard","meta":{"_uag_custom_page_level_css":"","footnotes":""},"categories":[14],"tags":[],"class_list":["post-168","post","type-post","status-publish","format-standard","has-post-thumbnail","hentry","category-actus"],"yoast_head":"<!-- This site is optimized with the Yoast SEO plugin v27.2 - https:\/\/yoast.com\/product\/yoast-seo-wordpress\/ -->\n<title>Reprise - Lanester Gym<\/title>\n<meta name=\"robots\" content=\"index, follow, max-snippet:-1, max-image-preview:large, max-video-preview:-1\" \/>\n<link rel=\"canonical\" href=\"https:\/\/www.lanestergym.fr\/index.php\/2025\/08\/23\/reprise\/\" \/>\n<meta property=\"og:locale\" content=\"fr_FR\" \/>\n<meta property=\"og:type\" content=\"article\" \/>\n<meta property=\"og:title\" content=\"Reprise - Lanester Gym\" \/>\n<meta property=\"og:description\" content=\"Reprise pour certains athl\u00e8tes bretons cette semaine \u00e0 lanester \u00c9change club formateur &#8211; Centre regional de Bretagne Ville de LanesterComit\u00e9 de Bretagne de gymnastique\" \/>\n<meta property=\"og:url\" content=\"https:\/\/www.lanestergym.fr\/index.php\/2025\/08\/23\/reprise\/\" \/>\n<meta property=\"og:site_name\" content=\"Lanester Gym\" \/>\n<meta property=\"article:publisher\" content=\"https:\/\/www.facebook.com\/gym.lanester.14\" \/>\n<meta property=\"article:published_time\" content=\"2025-08-23T17:34:55+00:00\" \/>\n<meta property=\"article:modified_time\" content=\"2025-08-24T21:03:55+00:00\" \/>\n<meta property=\"og:image\" content=\"https:\/\/www.lanestergym.fr\/wp-content\/uploads\/2025\/08\/image.webp\" \/>\n\t<meta property=\"og:image:width\" content=\"1024\" \/>\n\t<meta property=\"og:image:height\" content=\"804\" \/>\n\t<meta property=\"og:image:type\" content=\"image\/webp\" \/>\n<meta name=\"author\" content=\"jerome\" \/>\n<meta name=\"twitter:card\" content=\"summary_large_image\" \/>\n<script type=\"application\/ld+json\" class=\"yoast-schema-graph\">{\"@context\":\"https:\/\/schema.org\",\"@graph\":[{\"@type\":\"Article\",\"@id\":\"https:\/\/www.lanestergym.fr\/index.php\/2025\/08\/23\/reprise\/#article\",\"isPartOf\":{\"@id\":\"https:\/\/www.lanestergym.fr\/index.php\/2025\/08\/23\/reprise\/\"},\"author\":{\"name\":\"jerome\",\"@id\":\"https:\/\/www.lanestergym.fr\/#\/schema\/person\/0ebf79237aa20fc0a595d32db31c25e2\"},\"headline\":\"Reprise\",\"datePublished\":\"2025-08-23T17:34:55+00:00\",\"dateModified\":\"2025-08-24T21:03:55+00:00\",\"mainEntityOfPage\":{\"@id\":\"https:\/\/www.lanestergym.fr\/index.php\/2025\/08\/23\/reprise\/\"},\"wordCount\":26,\"commentCount\":0,\"publisher\":{\"@id\":\"https:\/\/www.lanestergym.fr\/#organization\"},\"image\":{\"@id\":\"https:\/\/www.lanestergym.fr\/index.php\/2025\/08\/23\/reprise\/#primaryimage\"},\"thumbnailUrl\":\"https:\/\/www.lanestergym.fr\/wp-content\/uploads\/2025\/08\/image.webp\",\"articleSection\":[\"Actus\"],\"inLanguage\":\"fr-FR\",\"potentialAction\":[{\"@type\":\"CommentAction\",\"name\":\"Comment\",\"target\":[\"https:\/\/www.lanestergym.fr\/index.php\/2025\/08\/23\/reprise\/#respond\"]}]},{\"@type\":\"WebPage\",\"@id\":\"https:\/\/www.lanestergym.fr\/index.php\/2025\/08\/23\/reprise\/\",\"url\":\"https:\/\/www.lanestergym.fr\/index.php\/2025\/08\/23\/reprise\/\",\"name\":\"Reprise - Lanester Gym\",\"isPartOf\":{\"@id\":\"https:\/\/www.lanestergym.fr\/#website\"},\"primaryImageOfPage\":{\"@id\":\"https:\/\/www.lanestergym.fr\/index.php\/2025\/08\/23\/reprise\/#primaryimage\"},\"image\":{\"@id\":\"https:\/\/www.lanestergym.fr\/index.php\/2025\/08\/23\/reprise\/#primaryimage\"},\"thumbnailUrl\":\"https:\/\/www.lanestergym.fr\/wp-content\/uploads\/2025\/08\/image.webp\",\"datePublished\":\"2025-08-23T17:34:55+00:00\",\"dateModified\":\"2025-08-24T21:03:55+00:00\",\"breadcrumb\":{\"@id\":\"https:\/\/www.lanestergym.fr\/index.php\/2025\/08\/23\/reprise\/#breadcrumb\"},\"inLanguage\":\"fr-FR\",\"potentialAction\":[{\"@type\":\"ReadAction\",\"target\":[\"https:\/\/www.lanestergym.fr\/index.php\/2025\/08\/23\/reprise\/\"]}]},{\"@type\":\"ImageObject\",\"inLanguage\":\"fr-FR\",\"@id\":\"https:\/\/www.lanestergym.fr\/index.php\/2025\/08\/23\/reprise\/#primaryimage\",\"url\":\"https:\/\/www.lanestergym.fr\/wp-content\/uploads\/2025\/08\/image.webp\",\"contentUrl\":\"https:\/\/www.lanestergym.fr\/wp-content\/uploads\/2025\/08\/image.webp\",\"width\":1024,\"height\":804},{\"@type\":\"BreadcrumbList\",\"@id\":\"https:\/\/www.lanestergym.fr\/index.php\/2025\/08\/23\/reprise\/#breadcrumb\",\"itemListElement\":[{\"@type\":\"ListItem\",\"position\":1,\"name\":\"Accueil\",\"item\":\"https:\/\/www.lanestergym.fr\/\"},{\"@type\":\"ListItem\",\"position\":2,\"name\":\"Reprise\"}]},{\"@type\":\"WebSite\",\"@id\":\"https:\/\/www.lanestergym.fr\/#website\",\"url\":\"https:\/\/www.lanestergym.fr\/\",\"name\":\"Lanester Gym\",\"description\":\"Le club de gymnastique du pays Lorientais\",\"publisher\":{\"@id\":\"https:\/\/www.lanestergym.fr\/#organization\"},\"potentialAction\":[{\"@type\":\"SearchAction\",\"target\":{\"@type\":\"EntryPoint\",\"urlTemplate\":\"https:\/\/www.lanestergym.fr\/?s={search_term_string}\"},\"query-input\":{\"@type\":\"PropertyValueSpecification\",\"valueRequired\":true,\"valueName\":\"search_term_string\"}}],\"inLanguage\":\"fr-FR\"},{\"@type\":\"Organization\",\"@id\":\"https:\/\/www.lanestergym.fr\/#organization\",\"name\":\"Lanester Gym\",\"url\":\"https:\/\/www.lanestergym.fr\/\",\"logo\":{\"@type\":\"ImageObject\",\"inLanguage\":\"fr-FR\",\"@id\":\"https:\/\/www.lanestergym.fr\/#\/schema\/logo\/image\/\",\"url\":\"https:\/\/www.lanestergym.fr\/wp-content\/uploads\/2025\/08\/logo.png\",\"contentUrl\":\"https:\/\/www.lanestergym.fr\/wp-content\/uploads\/2025\/08\/logo.png\",\"width\":462,\"height\":333,\"caption\":\"Lanester Gym\"},\"image\":{\"@id\":\"https:\/\/www.lanestergym.fr\/#\/schema\/logo\/image\/\"},\"sameAs\":[\"https:\/\/www.facebook.com\/gym.lanester.14\",\"https:\/\/www.instagram.com\/lanestergym\/\"]},{\"@type\":\"Person\",\"@id\":\"https:\/\/www.lanestergym.fr\/#\/schema\/person\/0ebf79237aa20fc0a595d32db31c25e2\",\"name\":\"jerome\",\"image\":{\"@type\":\"ImageObject\",\"inLanguage\":\"fr-FR\",\"@id\":\"https:\/\/secure.gravatar.com\/avatar\/13baf0a2208892549abbfb9bb4e196aa8f30dc549735df5378cbf3a19905814f?s=96&d=mm&r=g\",\"url\":\"https:\/\/secure.gravatar.com\/avatar\/13baf0a2208892549abbfb9bb4e196aa8f30dc549735df5378cbf3a19905814f?s=96&d=mm&r=g\",\"contentUrl\":\"https:\/\/secure.gravatar.com\/avatar\/13baf0a2208892549abbfb9bb4e196aa8f30dc549735df5378cbf3a19905814f?s=96&d=mm&r=g\",\"caption\":\"jerome\"},\"url\":\"https:\/\/www.lanestergym.fr\/index.php\/author\/jerome\/\"}]}<\/script>\n<!-- \/ Yoast SEO plugin. -->","yoast_head_json":{"title":"Reprise - Lanester Gym","robots":{"index":"index","follow":"follow","max-snippet":"max-snippet:-1","max-image-preview":"max-image-preview:large","max-video-preview":"max-video-preview:-1"},"canonical":"https:\/\/www.lanestergym.fr\/index.php\/2025\/08\/23\/reprise\/","og_locale":"fr_FR","og_type":"article","og_title":"Reprise - Lanester Gym","og_description":"Reprise pour certains athl\u00e8tes bretons cette semaine \u00e0 lanester \u00c9change club formateur &#8211; Centre regional de Bretagne Ville de LanesterComit\u00e9 de Bretagne de gymnastique","og_url":"https:\/\/www.lanestergym.fr\/index.php\/2025\/08\/23\/reprise\/","og_site_name":"Lanester Gym","article_publisher":"https:\/\/www.facebook.com\/gym.lanester.14","article_published_time":"2025-08-23T17:34:55+00:00","article_modified_time":"2025-08-24T21:03:55+00:00","og_image":[{"width":1024,"height":804,"url":"https:\/\/www.lanestergym.fr\/wp-content\/uploads\/2025\/08\/image.webp","type":"image\/webp"}],"author":"jerome","twitter_card":"summary_large_image","schema":{"@context":"https:\/\/schema.org","@graph":[{"@type":"Article","@id":"https:\/\/www.lanestergym.fr\/index.php\/2025\/08\/23\/reprise\/#article","isPartOf":{"@id":"https:\/\/www.lanestergym.fr\/index.php\/2025\/08\/23\/reprise\/"},"author":{"name":"jerome","@id":"https:\/\/www.lanestergym.fr\/#\/schema\/person\/0ebf79237aa20fc0a595d32db31c25e2"},"headline":"Reprise","datePublished":"2025-08-23T17:34:55+00:00","dateModified":"2025-08-24T21:03:55+00:00","mainEntityOfPage":{"@id":"https:\/\/www.lanestergym.fr\/index.php\/2025\/08\/23\/reprise\/"},"wordCount":26,"commentCount":0,"publisher":{"@id":"https:\/\/www.lanestergym.fr\/#organization"},"image":{"@id":"https:\/\/www.lanestergym.fr\/index.php\/2025\/08\/23\/reprise\/#primaryimage"},"thumbnailUrl":"https:\/\/www.lanestergym.fr\/wp-content\/uploads\/2025\/08\/image.webp","articleSection":["Actus"],"inLanguage":"fr-FR","potentialAction":[{"@type":"CommentAction","name":"Comment","target":["https:\/\/www.lanestergym.fr\/index.php\/2025\/08\/23\/reprise\/#respond"]}]},{"@type":"WebPage","@id":"https:\/\/www.lanestergym.fr\/index.php\/2025\/08\/23\/reprise\/","url":"https:\/\/www.lanestergym.fr\/index.php\/2025\/08\/23\/reprise\/","name":"Reprise - Lanester Gym","isPartOf":{"@id":"https:\/\/www.lanestergym.fr\/#website"},"primaryImageOfPage":{"@id":"https:\/\/www.lanestergym.fr\/index.php\/2025\/08\/23\/reprise\/#primaryimage"},"image":{"@id":"https:\/\/www.lanestergym.fr\/index.php\/2025\/08\/23\/reprise\/#primaryimage"},"thumbnailUrl":"https:\/\/www.lanestergym.fr\/wp-content\/uploads\/2025\/08\/image.webp","datePublished":"2025-08-23T17:34:55+00:00","dateModified":"2025-08-24T21:03:55+00:00","breadcrumb":{"@id":"https:\/\/www.lanestergym.fr\/index.php\/2025\/08\/23\/reprise\/#breadcrumb"},"inLanguage":"fr-FR","potentialAction":[{"@type":"ReadAction","target":["https:\/\/www.lanestergym.fr\/index.php\/2025\/08\/23\/reprise\/"]}]},{"@type":"ImageObject","inLanguage":"fr-FR","@id":"https:\/\/www.lanestergym.fr\/index.php\/2025\/08\/23\/reprise\/#primaryimage","url":"https:\/\/www.lanestergym.fr\/wp-content\/uploads\/2025\/08\/image.webp","contentUrl":"https:\/\/www.lanestergym.fr\/wp-content\/uploads\/2025\/08\/image.webp","width":1024,"height":804},{"@type":"BreadcrumbList","@id":"https:\/\/www.lanestergym.fr\/index.php\/2025\/08\/23\/reprise\/#breadcrumb","itemListElement":[{"@type":"ListItem","position":1,"name":"Accueil","item":"https:\/\/www.lanestergym.fr\/"},{"@type":"ListItem","position":2,"name":"Reprise"}]},{"@type":"WebSite","@id":"https:\/\/www.lanestergym.fr\/#website","url":"https:\/\/www.lanestergym.fr\/","name":"Lanester Gym","description":"Le club de gymnastique du pays Lorientais","publisher":{"@id":"https:\/\/www.lanestergym.fr\/#organization"},"potentialAction":[{"@type":"SearchAction","target":{"@type":"EntryPoint","urlTemplate":"https:\/\/www.lanestergym.fr\/?s={search_term_string}"},"query-input":{"@type":"PropertyValueSpecification","valueRequired":true,"valueName":"search_term_string"}}],"inLanguage":"fr-FR"},{"@type":"Organization","@id":"https:\/\/www.lanestergym.fr\/#organization","name":"Lanester Gym","url":"https:\/\/www.lanestergym.fr\/","logo":{"@type":"ImageObject","inLanguage":"fr-FR","@id":"https:\/\/www.lanestergym.fr\/#\/schema\/logo\/image\/","url":"https:\/\/www.lanestergym.fr\/wp-content\/uploads\/2025\/08\/logo.png","contentUrl":"https:\/\/www.lanestergym.fr\/wp-content\/uploads\/2025\/08\/logo.png","width":462,"height":333,"caption":"Lanester Gym"},"image":{"@id":"https:\/\/www.lanestergym.fr\/#\/schema\/logo\/image\/"},"sameAs":["https:\/\/www.facebook.com\/gym.lanester.14","https:\/\/www.instagram.com\/lanestergym\/"]},{"@type":"Person","@id":"https:\/\/www.lanestergym.fr\/#\/schema\/person\/0ebf79237aa20fc0a595d32db31c25e2","name":"jerome","image":{"@type":"ImageObject","inLanguage":"fr-FR","@id":"https:\/\/secure.gravatar.com\/avatar\/13baf0a2208892549abbfb9bb4e196aa8f30dc549735df5378cbf3a19905814f?s=96&d=mm&r=g","url":"https:\/\/secure.gravatar.com\/avatar\/13baf0a2208892549abbfb9bb4e196aa8f30dc549735df5378cbf3a19905814f?s=96&d=mm&r=g","contentUrl":"https:\/\/secure.gravatar.com\/avatar\/13baf0a2208892549abbfb9bb4e196aa8f30dc549735df5378cbf3a19905814f?s=96&d=mm&r=g","caption":"jerome"},"url":"https:\/\/www.lanestergym.fr\/index.php\/author\/jerome\/"}]}},"uagb_featured_image_src":{"full":["https:\/\/www.lanestergym.fr\/wp-content\/uploads\/2025\/08\/image.webp",1024,804,false],"thumbnail":["https:\/\/www.lanestergym.fr\/wp-content\/uploads\/2025\/08\/image-150x150.webp",150,150,true],"medium":["https:\/\/www.lanestergym.fr\/wp-content\/uploads\/2025\/08\/image-300x236.webp",300,236,true],"medium_large":["https:\/\/www.lanestergym.fr\/wp-content\/uploads\/2025\/08\/image-768x603.webp",768,603,true],"large":["https:\/\/www.lanestergym.fr\/wp-content\/uploads\/2025\/08\/image.webp",1024,804,false],"1536x1536":["https:\/\/www.lanestergym.fr\/wp-content\/uploads\/2025\/08\/image.webp",1024,804,false],"2048x2048":["https:\/\/www.lanestergym.fr\/wp-content\/uploads\/2025\/08\/image.webp",1024,804,false]},"uagb_author_info":{"display_name":"jerome","author_link":"https:\/\/www.lanestergym.fr\/index.php\/author\/jerome\/"},"uagb_comment_info":3,"uagb_excerpt":"Reprise pour certains athl\u00e8tes bretons cette semaine \u00e0 lanester \u00c9change club formateur &#8211; Centre regional de Bretagne Ville de LanesterComit\u00e9 de Bretagne de gymnastique","_links":{"self":[{"href":"https:\/\/www.lanestergym.fr\/index.php\/wp-json\/wp\/v2\/posts\/168","targetHints":{"allow":["GET"]}}],"collection":[{"href":"https:\/\/www.lanestergym.fr\/index.php\/wp-json\/wp\/v2\/posts"}],"about":[{"href":"https:\/\/www.lanestergym.fr\/index.php\/wp-json\/wp\/v2\/types\/post"}],"author":[{"embeddable":true,"href":"https:\/\/www.lanestergym.fr\/index.php\/wp-json\/wp\/v2\/users\/4"}],"replies":[{"embeddable":true,"href":"https:\/\/www.lanestergym.fr\/index.php\/wp-json\/wp\/v2\/comments?post=168"}],"version-history":[{"count":1,"href":"https:\/\/www.lanestergym.fr\/index.php\/wp-json\/wp\/v2\/posts\/168\/revisions"}],"predecessor-version":[{"id":946,"href":"https:\/\/www.lanestergym.fr\/index.php\/wp-json\/wp\/v2\/posts\/168\/revisions\/946"}],"wp:featuredmedia":[{"embeddable":true,"href":"https:\/\/www.lanestergym.fr\/index.php\/wp-json\/wp\/v2\/media\/997"}],"wp:attachment":[{"href":"https:\/\/www.lanestergym.fr\/index.php\/wp-json\/wp\/v2\/media?parent=168"}],"wp:term":[{"taxonomy":"category","embeddable":true,"href":"https:\/\/www.lanestergym.fr\/index.php\/wp-json\/wp\/v2\/categories?post=168"},{"taxonomy":"post_tag","embeddable":true,"href":"https:\/\/www.lanestergym.fr\/index.php\/wp-json\/wp\/v2\/tags?post=168"}],"curies":[{"name":"wp","href":"https:\/\/api.w.org\/{rel}","templated":true}]}}