{"id":1437,"date":"2025-09-27T19:11:18","date_gmt":"2025-09-27T17:11:18","guid":{"rendered":"https:\/\/www.lanestergym.fr\/?p=1437"},"modified":"2025-09-27T19:17:59","modified_gmt":"2025-09-27T17:17:59","slug":"assemblee-generale-2025-un-beau-moment-de-partage-pour-lancer-la-saison","status":"publish","type":"post","link":"https:\/\/www.lanestergym.fr\/index.php\/2025\/09\/27\/assemblee-generale-2025-un-beau-moment-de-partage-pour-lancer-la-saison\/","title":{"rendered":"Assembl\u00e9e G\u00e9n\u00e9rale 2025 : un beau moment de partage pour lancer la saison"},"content":{"rendered":"\n<h3 class=\"wp-block-heading\"><\/h3>\n\n\n\n<p>Hier soir, \u00e0 Quai 9 \u00e0 Lanester, s\u2019est tenue la r\u00e9union de rentr\u00e9e suivie de l\u2019Assembl\u00e9e G\u00e9n\u00e9rale de <strong>Lanester Gym<\/strong>. L\u2019occasion pour les adh\u00e9rents, b\u00e9n\u00e9voles et membres du bureau de se retrouver et de pr\u00e9parer ensemble cette nouvelle saison.<\/p>\n\n\n\n<div style=\"height:20px\" aria-hidden=\"true\" class=\"wp-block-spacer\"><\/div>\n\n\n\n<h4 class=\"wp-block-heading\">Un bilan riche et positif<\/h4>\n\n\n\n<div style=\"height:10px\" aria-hidden=\"true\" class=\"wp-block-spacer\"><\/div>\n\n\n\n<p>Lors de cette Assembl\u00e9e G\u00e9n\u00e9rale, diff\u00e9rents bilans ont \u00e9t\u00e9 pr\u00e9sent\u00e9s :<\/p>\n\n\n\n<div style=\"height:10px\" aria-hidden=\"true\" class=\"wp-block-spacer\"><\/div>\n\n\n\n<ul class=\"wp-block-list\">\n<li><strong>Le bilan moral<\/strong> a mis en lumi\u00e8re une saison riche en temps forts et en convivialit\u00e9, avec la journ\u00e9e loisir sp\u00e9ciale Halloween, le challenge de No\u00ebl, la galette des rois, une animation rassemblant toutes les disciplines de la gym, le premier troc et puces du club, ainsi que le grand gala de fin de saison.<\/li>\n\n\n\n<li><strong>Le bilan technique<\/strong> a permis de souligner les belles performances de nos athl\u00e8tes tout au long de l\u2019ann\u00e9e.<\/li>\n\n\n\n<li><strong>Le bilan financier<\/strong> a pr\u00e9sent\u00e9 de mani\u00e8re transparente les recettes et d\u00e9penses du club, ainsi que les pr\u00e9visions pour la nouvelle saison.<\/li>\n<\/ul>\n\n\n\n<div style=\"height:20px\" aria-hidden=\"true\" class=\"wp-block-spacer\"><\/div>\n\n\n\n<h4 class=\"wp-block-heading\">Des projets tourn\u00e9s vers l\u2019avenir<\/h4>\n\n\n\n<div style=\"height:10px\" aria-hidden=\"true\" class=\"wp-block-spacer\"><\/div>\n\n\n\n<p>Cette Assembl\u00e9e G\u00e9n\u00e9rale a aussi \u00e9t\u00e9 l\u2019occasion de partager les <strong>perspectives pour 2025\/2026<\/strong> :<\/p>\n\n\n\n<div style=\"height:10px\" aria-hidden=\"true\" class=\"wp-block-spacer\"><\/div>\n\n\n\n<ul class=\"wp-block-list\">\n<li>relancer la section <strong>Gymnastique Rythmique<\/strong>,<\/li>\n\n\n\n<li>poursuivre la <strong>labellisation FFG<\/strong>,<\/li>\n\n\n\n<li>d\u00e9velopper le <strong>sport handicap<\/strong>, afin de rendre la gymnastique accessible au plus grand nombre.<\/li>\n<\/ul>\n\n\n\n<div style=\"height:10px\" aria-hidden=\"true\" class=\"wp-block-spacer\"><\/div>\n\n\n\n<p>Le calendrier des animations \u00e0 venir a \u00e9galement \u00e9t\u00e9 pr\u00e9sent\u00e9, promettant encore de beaux moments de sport et de convivialit\u00e9 pour les mois \u00e0 venir.<\/p>\n\n\n\n<div style=\"height:20px\" aria-hidden=\"true\" class=\"wp-block-spacer\"><\/div>\n\n\n\n<h4 class=\"wp-block-heading\">Un nouveau Conseil d\u2019Administration<\/h4>\n\n\n\n<div style=\"height:10px\" aria-hidden=\"true\" class=\"wp-block-spacer\"><\/div>\n\n\n\n<p>Comme chaque ann\u00e9e, l\u2019Assembl\u00e9e G\u00e9n\u00e9rale a \u00e9t\u00e9 aussi le temps fort de l\u2019<strong>\u00e9lection du Conseil d\u2019Administration et du bureau<\/strong>. Un moment important pour renouveler et consolider l\u2019\u00e9quipe de b\u00e9n\u00e9voles qui \u0153uvre au quotidien pour faire vivre Lanester Gym.<\/p>\n\n\n\n<div style=\"height:20px\" aria-hidden=\"true\" class=\"wp-block-spacer\"><\/div>\n\n\n\n<h4 class=\"wp-block-heading\">Un moment de convivialit\u00e9<\/h4>\n\n\n\n<div style=\"height:10px\" aria-hidden=\"true\" class=\"wp-block-spacer\"><\/div>\n\n\n\n<p>La soir\u00e9e s\u2019est cl\u00f4tur\u00e9e autour d\u2019un ap\u00e9ritif, permettant \u00e0 toutes et tous d\u2019\u00e9changer dans une ambiance chaleureuse.<\/p>\n\n\n\n<div style=\"height:10px\" aria-hidden=\"true\" class=\"wp-block-spacer\"><\/div>\n\n\n\n<p>Merci \u00e0 l\u2019ensemble des participants pour leur pr\u00e9sence, implication et confiance : cette nouvelle saison s\u2019annonce pleine d\u2019\u00e9nergie et de beaux projets pour Lanester Gym !<\/p>\n\n\n\n<div style=\"height:20px\" aria-hidden=\"true\" class=\"wp-block-spacer\"><\/div>\n\n\n\n<div class=\"wp-block-uagb-image uagb-block-9ced1602 wp-block-uagb-image--layout-default wp-block-uagb-image--effect-static wp-block-uagb-image--align-none\"><figure class=\"wp-block-uagb-image__figure\"><img decoding=\"async\" srcset=\"https:\/\/www.lanestergym.fr\/wp-content\/uploads\/2025\/09\/PXL_20250926_185707220.MP_-1024x576.jpg ,https:\/\/www.lanestergym.fr\/wp-content\/uploads\/2025\/09\/PXL_20250926_185707220.MP_.jpg 780w, https:\/\/www.lanestergym.fr\/wp-content\/uploads\/2025\/09\/PXL_20250926_185707220.MP_.jpg 360w\" sizes=\"auto, (max-width: 480px) 150px\" src=\"https:\/\/www.lanestergym.fr\/wp-content\/uploads\/2025\/09\/PXL_20250926_185707220.MP_-1024x576.jpg\" alt=\"ap\u00e9ritif assembl\u00e9e g\u00e9n\u00e9rale\" class=\"uag-image-1436\" width=\"1024\" height=\"576\" title=\"PXL_20250926_185707220.MP\" loading=\"lazy\" role=\"img\"\/><\/figure><\/div>\n","protected":false},"excerpt":{"rendered":"<p>Hier soir, \u00e0 Quai 9 \u00e0 Lanester, s\u2019est tenue la r\u00e9union de rentr\u00e9e suivie de l\u2019Assembl\u00e9e G\u00e9n\u00e9rale de Lanester Gym. L\u2019occasion pour les adh\u00e9rents, b\u00e9n\u00e9voles et membres du bureau de se retrouver et de pr\u00e9parer ensemble cette nouvelle saison. Un bilan riche et positif Lors de cette Assembl\u00e9e G\u00e9n\u00e9rale, diff\u00e9rents bilans ont \u00e9t\u00e9 pr\u00e9sent\u00e9s : [&hellip;]<\/p>\n","protected":false},"author":4,"featured_media":1435,"comment_status":"open","ping_status":"open","sticky":false,"template":"","format":"standard","meta":{"_uag_custom_page_level_css":"","footnotes":""},"categories":[1],"tags":[],"class_list":["post-1437","post","type-post","status-publish","format-standard","has-post-thumbnail","hentry","category-non-classe"],"yoast_head":"<!-- This site is optimized with the Yoast SEO plugin v27.2 - https:\/\/yoast.com\/product\/yoast-seo-wordpress\/ -->\n<title>Assembl\u00e9e G\u00e9n\u00e9rale 2025 : un beau moment de partage pour lancer la saison - Lanester Gym<\/title>\n<meta name=\"robots\" content=\"index, follow, max-snippet:-1, max-image-preview:large, max-video-preview:-1\" \/>\n<link rel=\"canonical\" href=\"https:\/\/www.lanestergym.fr\/index.php\/2025\/09\/27\/assemblee-generale-2025-un-beau-moment-de-partage-pour-lancer-la-saison\/\" \/>\n<meta property=\"og:locale\" content=\"fr_FR\" \/>\n<meta property=\"og:type\" content=\"article\" \/>\n<meta property=\"og:title\" content=\"Assembl\u00e9e G\u00e9n\u00e9rale 2025 : un beau moment de partage pour lancer la saison - Lanester Gym\" \/>\n<meta property=\"og:description\" content=\"Hier soir, \u00e0 Quai 9 \u00e0 Lanester, s\u2019est tenue la r\u00e9union de rentr\u00e9e suivie de l\u2019Assembl\u00e9e G\u00e9n\u00e9rale de Lanester Gym. L\u2019occasion pour les adh\u00e9rents, b\u00e9n\u00e9voles et membres du bureau de se retrouver et de pr\u00e9parer ensemble cette nouvelle saison. Un bilan riche et positif Lors de cette Assembl\u00e9e G\u00e9n\u00e9rale, diff\u00e9rents bilans ont \u00e9t\u00e9 pr\u00e9sent\u00e9s : [&hellip;]\" \/>\n<meta property=\"og:url\" content=\"https:\/\/www.lanestergym.fr\/index.php\/2025\/09\/27\/assemblee-generale-2025-un-beau-moment-de-partage-pour-lancer-la-saison\/\" \/>\n<meta property=\"og:site_name\" content=\"Lanester Gym\" \/>\n<meta property=\"article:publisher\" content=\"https:\/\/www.facebook.com\/gym.lanester.14\" \/>\n<meta property=\"article:published_time\" content=\"2025-09-27T17:11:18+00:00\" \/>\n<meta property=\"article:modified_time\" content=\"2025-09-27T17:17:59+00:00\" \/>\n<meta property=\"og:image\" content=\"https:\/\/www.lanestergym.fr\/wp-content\/uploads\/2025\/09\/PXL_20250926_174650970.MP_.jpg\" \/>\n\t<meta property=\"og:image:width\" content=\"1920\" \/>\n\t<meta property=\"og:image:height\" content=\"1080\" \/>\n\t<meta property=\"og:image:type\" content=\"image\/jpeg\" \/>\n<meta name=\"author\" content=\"jerome\" \/>\n<meta name=\"twitter:card\" content=\"summary_large_image\" \/>\n<script type=\"application\/ld+json\" class=\"yoast-schema-graph\">{\"@context\":\"https:\/\/schema.org\",\"@graph\":[{\"@type\":\"Article\",\"@id\":\"https:\/\/www.lanestergym.fr\/index.php\/2025\/09\/27\/assemblee-generale-2025-un-beau-moment-de-partage-pour-lancer-la-saison\/#article\",\"isPartOf\":{\"@id\":\"https:\/\/www.lanestergym.fr\/index.php\/2025\/09\/27\/assemblee-generale-2025-un-beau-moment-de-partage-pour-lancer-la-saison\/\"},\"author\":{\"name\":\"jerome\",\"@id\":\"https:\/\/www.lanestergym.fr\/#\/schema\/person\/0ebf79237aa20fc0a595d32db31c25e2\"},\"headline\":\"Assembl\u00e9e G\u00e9n\u00e9rale 2025 : un beau moment de partage pour lancer la saison\",\"datePublished\":\"2025-09-27T17:11:18+00:00\",\"dateModified\":\"2025-09-27T17:17:59+00:00\",\"mainEntityOfPage\":{\"@id\":\"https:\/\/www.lanestergym.fr\/index.php\/2025\/09\/27\/assemblee-generale-2025-un-beau-moment-de-partage-pour-lancer-la-saison\/\"},\"wordCount\":367,\"commentCount\":0,\"publisher\":{\"@id\":\"https:\/\/www.lanestergym.fr\/#organization\"},\"image\":{\"@id\":\"https:\/\/www.lanestergym.fr\/index.php\/2025\/09\/27\/assemblee-generale-2025-un-beau-moment-de-partage-pour-lancer-la-saison\/#primaryimage\"},\"thumbnailUrl\":\"https:\/\/www.lanestergym.fr\/wp-content\/uploads\/2025\/09\/PXL_20250926_174650970.MP_.jpg\",\"inLanguage\":\"fr-FR\",\"potentialAction\":[{\"@type\":\"CommentAction\",\"name\":\"Comment\",\"target\":[\"https:\/\/www.lanestergym.fr\/index.php\/2025\/09\/27\/assemblee-generale-2025-un-beau-moment-de-partage-pour-lancer-la-saison\/#respond\"]}]},{\"@type\":\"WebPage\",\"@id\":\"https:\/\/www.lanestergym.fr\/index.php\/2025\/09\/27\/assemblee-generale-2025-un-beau-moment-de-partage-pour-lancer-la-saison\/\",\"url\":\"https:\/\/www.lanestergym.fr\/index.php\/2025\/09\/27\/assemblee-generale-2025-un-beau-moment-de-partage-pour-lancer-la-saison\/\",\"name\":\"Assembl\u00e9e G\u00e9n\u00e9rale 2025 : un beau moment de partage pour lancer la saison - Lanester Gym\",\"isPartOf\":{\"@id\":\"https:\/\/www.lanestergym.fr\/#website\"},\"primaryImageOfPage\":{\"@id\":\"https:\/\/www.lanestergym.fr\/index.php\/2025\/09\/27\/assemblee-generale-2025-un-beau-moment-de-partage-pour-lancer-la-saison\/#primaryimage\"},\"image\":{\"@id\":\"https:\/\/www.lanestergym.fr\/index.php\/2025\/09\/27\/assemblee-generale-2025-un-beau-moment-de-partage-pour-lancer-la-saison\/#primaryimage\"},\"thumbnailUrl\":\"https:\/\/www.lanestergym.fr\/wp-content\/uploads\/2025\/09\/PXL_20250926_174650970.MP_.jpg\",\"datePublished\":\"2025-09-27T17:11:18+00:00\",\"dateModified\":\"2025-09-27T17:17:59+00:00\",\"breadcrumb\":{\"@id\":\"https:\/\/www.lanestergym.fr\/index.php\/2025\/09\/27\/assemblee-generale-2025-un-beau-moment-de-partage-pour-lancer-la-saison\/#breadcrumb\"},\"inLanguage\":\"fr-FR\",\"potentialAction\":[{\"@type\":\"ReadAction\",\"target\":[\"https:\/\/www.lanestergym.fr\/index.php\/2025\/09\/27\/assemblee-generale-2025-un-beau-moment-de-partage-pour-lancer-la-saison\/\"]}]},{\"@type\":\"ImageObject\",\"inLanguage\":\"fr-FR\",\"@id\":\"https:\/\/www.lanestergym.fr\/index.php\/2025\/09\/27\/assemblee-generale-2025-un-beau-moment-de-partage-pour-lancer-la-saison\/#primaryimage\",\"url\":\"https:\/\/www.lanestergym.fr\/wp-content\/uploads\/2025\/09\/PXL_20250926_174650970.MP_.jpg\",\"contentUrl\":\"https:\/\/www.lanestergym.fr\/wp-content\/uploads\/2025\/09\/PXL_20250926_174650970.MP_.jpg\",\"width\":1920,\"height\":1080},{\"@type\":\"BreadcrumbList\",\"@id\":\"https:\/\/www.lanestergym.fr\/index.php\/2025\/09\/27\/assemblee-generale-2025-un-beau-moment-de-partage-pour-lancer-la-saison\/#breadcrumb\",\"itemListElement\":[{\"@type\":\"ListItem\",\"position\":1,\"name\":\"Accueil\",\"item\":\"https:\/\/www.lanestergym.fr\/\"},{\"@type\":\"ListItem\",\"position\":2,\"name\":\"Assembl\u00e9e G\u00e9n\u00e9rale 2025 : un beau moment de partage pour lancer la saison\"}]},{\"@type\":\"WebSite\",\"@id\":\"https:\/\/www.lanestergym.fr\/#website\",\"url\":\"https:\/\/www.lanestergym.fr\/\",\"name\":\"Lanester Gym\",\"description\":\"Le club de gymnastique du pays Lorientais\",\"publisher\":{\"@id\":\"https:\/\/www.lanestergym.fr\/#organization\"},\"potentialAction\":[{\"@type\":\"SearchAction\",\"target\":{\"@type\":\"EntryPoint\",\"urlTemplate\":\"https:\/\/www.lanestergym.fr\/?s={search_term_string}\"},\"query-input\":{\"@type\":\"PropertyValueSpecification\",\"valueRequired\":true,\"valueName\":\"search_term_string\"}}],\"inLanguage\":\"fr-FR\"},{\"@type\":\"Organization\",\"@id\":\"https:\/\/www.lanestergym.fr\/#organization\",\"name\":\"Lanester Gym\",\"url\":\"https:\/\/www.lanestergym.fr\/\",\"logo\":{\"@type\":\"ImageObject\",\"inLanguage\":\"fr-FR\",\"@id\":\"https:\/\/www.lanestergym.fr\/#\/schema\/logo\/image\/\",\"url\":\"https:\/\/www.lanestergym.fr\/wp-content\/uploads\/2025\/08\/logo.png\",\"contentUrl\":\"https:\/\/www.lanestergym.fr\/wp-content\/uploads\/2025\/08\/logo.png\",\"width\":462,\"height\":333,\"caption\":\"Lanester Gym\"},\"image\":{\"@id\":\"https:\/\/www.lanestergym.fr\/#\/schema\/logo\/image\/\"},\"sameAs\":[\"https:\/\/www.facebook.com\/gym.lanester.14\",\"https:\/\/www.instagram.com\/lanestergym\/\"]},{\"@type\":\"Person\",\"@id\":\"https:\/\/www.lanestergym.fr\/#\/schema\/person\/0ebf79237aa20fc0a595d32db31c25e2\",\"name\":\"jerome\",\"image\":{\"@type\":\"ImageObject\",\"inLanguage\":\"fr-FR\",\"@id\":\"https:\/\/secure.gravatar.com\/avatar\/13baf0a2208892549abbfb9bb4e196aa8f30dc549735df5378cbf3a19905814f?s=96&d=mm&r=g\",\"url\":\"https:\/\/secure.gravatar.com\/avatar\/13baf0a2208892549abbfb9bb4e196aa8f30dc549735df5378cbf3a19905814f?s=96&d=mm&r=g\",\"contentUrl\":\"https:\/\/secure.gravatar.com\/avatar\/13baf0a2208892549abbfb9bb4e196aa8f30dc549735df5378cbf3a19905814f?s=96&d=mm&r=g\",\"caption\":\"jerome\"},\"url\":\"https:\/\/www.lanestergym.fr\/index.php\/author\/jerome\/\"}]}<\/script>\n<!-- \/ Yoast SEO plugin. -->","yoast_head_json":{"title":"Assembl\u00e9e G\u00e9n\u00e9rale 2025 : un beau moment de partage pour lancer la saison - Lanester Gym","robots":{"index":"index","follow":"follow","max-snippet":"max-snippet:-1","max-image-preview":"max-image-preview:large","max-video-preview":"max-video-preview:-1"},"canonical":"https:\/\/www.lanestergym.fr\/index.php\/2025\/09\/27\/assemblee-generale-2025-un-beau-moment-de-partage-pour-lancer-la-saison\/","og_locale":"fr_FR","og_type":"article","og_title":"Assembl\u00e9e G\u00e9n\u00e9rale 2025 : un beau moment de partage pour lancer la saison - Lanester Gym","og_description":"Hier soir, \u00e0 Quai 9 \u00e0 Lanester, s\u2019est tenue la r\u00e9union de rentr\u00e9e suivie de l\u2019Assembl\u00e9e G\u00e9n\u00e9rale de Lanester Gym. L\u2019occasion pour les adh\u00e9rents, b\u00e9n\u00e9voles et membres du bureau de se retrouver et de pr\u00e9parer ensemble cette nouvelle saison. Un bilan riche et positif Lors de cette Assembl\u00e9e G\u00e9n\u00e9rale, diff\u00e9rents bilans ont \u00e9t\u00e9 pr\u00e9sent\u00e9s : [&hellip;]","og_url":"https:\/\/www.lanestergym.fr\/index.php\/2025\/09\/27\/assemblee-generale-2025-un-beau-moment-de-partage-pour-lancer-la-saison\/","og_site_name":"Lanester Gym","article_publisher":"https:\/\/www.facebook.com\/gym.lanester.14","article_published_time":"2025-09-27T17:11:18+00:00","article_modified_time":"2025-09-27T17:17:59+00:00","og_image":[{"width":1920,"height":1080,"url":"https:\/\/www.lanestergym.fr\/wp-content\/uploads\/2025\/09\/PXL_20250926_174650970.MP_.jpg","type":"image\/jpeg"}],"author":"jerome","twitter_card":"summary_large_image","schema":{"@context":"https:\/\/schema.org","@graph":[{"@type":"Article","@id":"https:\/\/www.lanestergym.fr\/index.php\/2025\/09\/27\/assemblee-generale-2025-un-beau-moment-de-partage-pour-lancer-la-saison\/#article","isPartOf":{"@id":"https:\/\/www.lanestergym.fr\/index.php\/2025\/09\/27\/assemblee-generale-2025-un-beau-moment-de-partage-pour-lancer-la-saison\/"},"author":{"name":"jerome","@id":"https:\/\/www.lanestergym.fr\/#\/schema\/person\/0ebf79237aa20fc0a595d32db31c25e2"},"headline":"Assembl\u00e9e G\u00e9n\u00e9rale 2025 : un beau moment de partage pour lancer la saison","datePublished":"2025-09-27T17:11:18+00:00","dateModified":"2025-09-27T17:17:59+00:00","mainEntityOfPage":{"@id":"https:\/\/www.lanestergym.fr\/index.php\/2025\/09\/27\/assemblee-generale-2025-un-beau-moment-de-partage-pour-lancer-la-saison\/"},"wordCount":367,"commentCount":0,"publisher":{"@id":"https:\/\/www.lanestergym.fr\/#organization"},"image":{"@id":"https:\/\/www.lanestergym.fr\/index.php\/2025\/09\/27\/assemblee-generale-2025-un-beau-moment-de-partage-pour-lancer-la-saison\/#primaryimage"},"thumbnailUrl":"https:\/\/www.lanestergym.fr\/wp-content\/uploads\/2025\/09\/PXL_20250926_174650970.MP_.jpg","inLanguage":"fr-FR","potentialAction":[{"@type":"CommentAction","name":"Comment","target":["https:\/\/www.lanestergym.fr\/index.php\/2025\/09\/27\/assemblee-generale-2025-un-beau-moment-de-partage-pour-lancer-la-saison\/#respond"]}]},{"@type":"WebPage","@id":"https:\/\/www.lanestergym.fr\/index.php\/2025\/09\/27\/assemblee-generale-2025-un-beau-moment-de-partage-pour-lancer-la-saison\/","url":"https:\/\/www.lanestergym.fr\/index.php\/2025\/09\/27\/assemblee-generale-2025-un-beau-moment-de-partage-pour-lancer-la-saison\/","name":"Assembl\u00e9e G\u00e9n\u00e9rale 2025 : un beau moment de partage pour lancer la saison - Lanester Gym","isPartOf":{"@id":"https:\/\/www.lanestergym.fr\/#website"},"primaryImageOfPage":{"@id":"https:\/\/www.lanestergym.fr\/index.php\/2025\/09\/27\/assemblee-generale-2025-un-beau-moment-de-partage-pour-lancer-la-saison\/#primaryimage"},"image":{"@id":"https:\/\/www.lanestergym.fr\/index.php\/2025\/09\/27\/assemblee-generale-2025-un-beau-moment-de-partage-pour-lancer-la-saison\/#primaryimage"},"thumbnailUrl":"https:\/\/www.lanestergym.fr\/wp-content\/uploads\/2025\/09\/PXL_20250926_174650970.MP_.jpg","datePublished":"2025-09-27T17:11:18+00:00","dateModified":"2025-09-27T17:17:59+00:00","breadcrumb":{"@id":"https:\/\/www.lanestergym.fr\/index.php\/2025\/09\/27\/assemblee-generale-2025-un-beau-moment-de-partage-pour-lancer-la-saison\/#breadcrumb"},"inLanguage":"fr-FR","potentialAction":[{"@type":"ReadAction","target":["https:\/\/www.lanestergym.fr\/index.php\/2025\/09\/27\/assemblee-generale-2025-un-beau-moment-de-partage-pour-lancer-la-saison\/"]}]},{"@type":"ImageObject","inLanguage":"fr-FR","@id":"https:\/\/www.lanestergym.fr\/index.php\/2025\/09\/27\/assemblee-generale-2025-un-beau-moment-de-partage-pour-lancer-la-saison\/#primaryimage","url":"https:\/\/www.lanestergym.fr\/wp-content\/uploads\/2025\/09\/PXL_20250926_174650970.MP_.jpg","contentUrl":"https:\/\/www.lanestergym.fr\/wp-content\/uploads\/2025\/09\/PXL_20250926_174650970.MP_.jpg","width":1920,"height":1080},{"@type":"BreadcrumbList","@id":"https:\/\/www.lanestergym.fr\/index.php\/2025\/09\/27\/assemblee-generale-2025-un-beau-moment-de-partage-pour-lancer-la-saison\/#breadcrumb","itemListElement":[{"@type":"ListItem","position":1,"name":"Accueil","item":"https:\/\/www.lanestergym.fr\/"},{"@type":"ListItem","position":2,"name":"Assembl\u00e9e G\u00e9n\u00e9rale 2025 : un beau moment de partage pour lancer la saison"}]},{"@type":"WebSite","@id":"https:\/\/www.lanestergym.fr\/#website","url":"https:\/\/www.lanestergym.fr\/","name":"Lanester Gym","description":"Le club de gymnastique du pays Lorientais","publisher":{"@id":"https:\/\/www.lanestergym.fr\/#organization"},"potentialAction":[{"@type":"SearchAction","target":{"@type":"EntryPoint","urlTemplate":"https:\/\/www.lanestergym.fr\/?s={search_term_string}"},"query-input":{"@type":"PropertyValueSpecification","valueRequired":true,"valueName":"search_term_string"}}],"inLanguage":"fr-FR"},{"@type":"Organization","@id":"https:\/\/www.lanestergym.fr\/#organization","name":"Lanester Gym","url":"https:\/\/www.lanestergym.fr\/","logo":{"@type":"ImageObject","inLanguage":"fr-FR","@id":"https:\/\/www.lanestergym.fr\/#\/schema\/logo\/image\/","url":"https:\/\/www.lanestergym.fr\/wp-content\/uploads\/2025\/08\/logo.png","contentUrl":"https:\/\/www.lanestergym.fr\/wp-content\/uploads\/2025\/08\/logo.png","width":462,"height":333,"caption":"Lanester Gym"},"image":{"@id":"https:\/\/www.lanestergym.fr\/#\/schema\/logo\/image\/"},"sameAs":["https:\/\/www.facebook.com\/gym.lanester.14","https:\/\/www.instagram.com\/lanestergym\/"]},{"@type":"Person","@id":"https:\/\/www.lanestergym.fr\/#\/schema\/person\/0ebf79237aa20fc0a595d32db31c25e2","name":"jerome","image":{"@type":"ImageObject","inLanguage":"fr-FR","@id":"https:\/\/secure.gravatar.com\/avatar\/13baf0a2208892549abbfb9bb4e196aa8f30dc549735df5378cbf3a19905814f?s=96&d=mm&r=g","url":"https:\/\/secure.gravatar.com\/avatar\/13baf0a2208892549abbfb9bb4e196aa8f30dc549735df5378cbf3a19905814f?s=96&d=mm&r=g","contentUrl":"https:\/\/secure.gravatar.com\/avatar\/13baf0a2208892549abbfb9bb4e196aa8f30dc549735df5378cbf3a19905814f?s=96&d=mm&r=g","caption":"jerome"},"url":"https:\/\/www.lanestergym.fr\/index.php\/author\/jerome\/"}]}},"uagb_featured_image_src":{"full":["https:\/\/www.lanestergym.fr\/wp-content\/uploads\/2025\/09\/PXL_20250926_174650970.MP_.jpg",1920,1080,false],"thumbnail":["https:\/\/www.lanestergym.fr\/wp-content\/uploads\/2025\/09\/PXL_20250926_174650970.MP_-150x150.jpg",150,150,true],"medium":["https:\/\/www.lanestergym.fr\/wp-content\/uploads\/2025\/09\/PXL_20250926_174650970.MP_-300x169.jpg",300,169,true],"medium_large":["https:\/\/www.lanestergym.fr\/wp-content\/uploads\/2025\/09\/PXL_20250926_174650970.MP_-768x432.jpg",768,432,true],"large":["https:\/\/www.lanestergym.fr\/wp-content\/uploads\/2025\/09\/PXL_20250926_174650970.MP_-1024x576.jpg",1024,576,true],"1536x1536":["https:\/\/www.lanestergym.fr\/wp-content\/uploads\/2025\/09\/PXL_20250926_174650970.MP_-1536x864.jpg",1536,864,true],"2048x2048":["https:\/\/www.lanestergym.fr\/wp-content\/uploads\/2025\/09\/PXL_20250926_174650970.MP_.jpg",1920,1080,false]},"uagb_author_info":{"display_name":"jerome","author_link":"https:\/\/www.lanestergym.fr\/index.php\/author\/jerome\/"},"uagb_comment_info":10,"uagb_excerpt":"Hier soir, \u00e0 Quai 9 \u00e0 Lanester, s\u2019est tenue la r\u00e9union de rentr\u00e9e suivie de l\u2019Assembl\u00e9e G\u00e9n\u00e9rale de Lanester Gym. L\u2019occasion pour les adh\u00e9rents, b\u00e9n\u00e9voles et membres du bureau de se retrouver et de pr\u00e9parer ensemble cette nouvelle saison. Un bilan riche et positif Lors de cette Assembl\u00e9e G\u00e9n\u00e9rale, diff\u00e9rents bilans ont \u00e9t\u00e9 pr\u00e9sent\u00e9s :\u2026","_links":{"self":[{"href":"https:\/\/www.lanestergym.fr\/index.php\/wp-json\/wp\/v2\/posts\/1437","targetHints":{"allow":["GET"]}}],"collection":[{"href":"https:\/\/www.lanestergym.fr\/index.php\/wp-json\/wp\/v2\/posts"}],"about":[{"href":"https:\/\/www.lanestergym.fr\/index.php\/wp-json\/wp\/v2\/types\/post"}],"author":[{"embeddable":true,"href":"https:\/\/www.lanestergym.fr\/index.php\/wp-json\/wp\/v2\/users\/4"}],"replies":[{"embeddable":true,"href":"https:\/\/www.lanestergym.fr\/index.php\/wp-json\/wp\/v2\/comments?post=1437"}],"version-history":[{"count":4,"href":"https:\/\/www.lanestergym.fr\/index.php\/wp-json\/wp\/v2\/posts\/1437\/revisions"}],"predecessor-version":[{"id":1442,"href":"https:\/\/www.lanestergym.fr\/index.php\/wp-json\/wp\/v2\/posts\/1437\/revisions\/1442"}],"wp:featuredmedia":[{"embeddable":true,"href":"https:\/\/www.lanestergym.fr\/index.php\/wp-json\/wp\/v2\/media\/1435"}],"wp:attachment":[{"href":"https:\/\/www.lanestergym.fr\/index.php\/wp-json\/wp\/v2\/media?parent=1437"}],"wp:term":[{"taxonomy":"category","embeddable":true,"href":"https:\/\/www.lanestergym.fr\/index.php\/wp-json\/wp\/v2\/categories?post=1437"},{"taxonomy":"post_tag","embeddable":true,"href":"https:\/\/www.lanestergym.fr\/index.php\/wp-json\/wp\/v2\/tags?post=1437"}],"curies":[{"name":"wp","href":"https:\/\/api.w.org\/{rel}","templated":true}]}}