{"id":1424,"date":"2025-09-11T13:59:17","date_gmt":"2025-09-11T11:59:17","guid":{"rendered":"https:\/\/www.lanestergym.fr\/?p=1424"},"modified":"2025-09-11T13:59:18","modified_gmt":"2025-09-11T11:59:18","slug":"lanester-gym-assemblee-generale","status":"publish","type":"post","link":"https:\/\/www.lanestergym.fr\/index.php\/2025\/09\/11\/lanester-gym-assemblee-generale\/","title":{"rendered":"Lanester Gym \u2013 Assembl\u00e9e G\u00e9n\u00e9rale"},"content":{"rendered":"\n<div class=\"wp-block-group has-global-padding is-layout-constrained wp-block-group-is-layout-constrained\">\n<p><strong>Le 26 septembre \u00e0 19h30<\/strong><br><strong>\u00c0 Quai 9 \u2013 Lanester<\/strong><\/p>\n<\/div>\n\n\n\n<hr class=\"wp-block-separator aligncenter has-alpha-channel-opacity is-style-default\" style=\"margin-top:var(--wp--preset--spacing--30);margin-bottom:var(--wp--preset--spacing--30)\"\/>\n\n\n\n<div class=\"wp-block-group has-global-padding is-layout-constrained wp-block-group-is-layout-constrained\">\n<p>L\u2019Assembl\u00e9e G\u00e9n\u00e9rale de Lanester Gym, c\u2019est LE rendez-vous de la rentr\u00e9e pour d\u00e9couvrir et partager la vie de votre club !<\/p>\n\n\n\n<div style=\"height:16px\" aria-hidden=\"true\" class=\"wp-block-spacer\"><\/div>\n\n\n\n<p>Au programme :<br> -Distribution du calendrier 2025\/2026<br> -Pr\u00e9sentation des projets pour la nouvelle saison<br> -\u00c9lection du nouveau Conseil d\u2019Administration<\/p>\n\n\n\n<div style=\"height:16px\" aria-hidden=\"true\" class=\"wp-block-spacer\"><\/div>\n\n\n\n<p>Un moment important pour faire le point sur l\u2019ann\u00e9e \u00e9coul\u00e9e, pr\u00e9parer l\u2019avenir du club et \u00e9changer tous ensemble. Votre pr\u00e9sence est pr\u00e9cieuse pour continuer \u00e0 faire vivre Lanester Gym !<\/p>\n\n\n\n<div style=\"height:16px\" aria-hidden=\"true\" class=\"wp-block-spacer\"><\/div>\n\n\n\n<p>Venez nombreux!<\/p>\n<\/div>\n\n\n\n<p><\/p>\n","protected":false},"excerpt":{"rendered":"<p>Le 26 septembre \u00e0 19h30\u00c0 Quai 9 \u2013 Lanester L\u2019Assembl\u00e9e G\u00e9n\u00e9rale de Lanester Gym, c\u2019est LE rendez-vous de la rentr\u00e9e pour d\u00e9couvrir et partager la vie de votre club ! Au programme : -Distribution du calendrier 2025\/2026 -Pr\u00e9sentation des projets pour la nouvelle saison -\u00c9lection du nouveau Conseil d\u2019Administration Un moment important pour faire le [&hellip;]<\/p>\n","protected":false},"author":4,"featured_media":1423,"comment_status":"open","ping_status":"open","sticky":false,"template":"","format":"standard","meta":{"_uag_custom_page_level_css":"","footnotes":""},"categories":[1],"tags":[],"class_list":["post-1424","post","type-post","status-publish","format-standard","has-post-thumbnail","hentry","category-non-classe"],"yoast_head":"<!-- This site is optimized with the Yoast SEO plugin v27.2 - https:\/\/yoast.com\/product\/yoast-seo-wordpress\/ -->\n<title>Lanester Gym \u2013 Assembl\u00e9e G\u00e9n\u00e9rale - Lanester Gym<\/title>\n<meta name=\"robots\" content=\"index, follow, max-snippet:-1, max-image-preview:large, max-video-preview:-1\" \/>\n<link rel=\"canonical\" href=\"https:\/\/www.lanestergym.fr\/index.php\/2025\/09\/11\/lanester-gym-assemblee-generale\/\" \/>\n<meta property=\"og:locale\" content=\"fr_FR\" \/>\n<meta property=\"og:type\" content=\"article\" \/>\n<meta property=\"og:title\" content=\"Lanester Gym \u2013 Assembl\u00e9e G\u00e9n\u00e9rale - Lanester Gym\" \/>\n<meta property=\"og:description\" content=\"Le 26 septembre \u00e0 19h30\u00c0 Quai 9 \u2013 Lanester L\u2019Assembl\u00e9e G\u00e9n\u00e9rale de Lanester Gym, c\u2019est LE rendez-vous de la rentr\u00e9e pour d\u00e9couvrir et partager la vie de votre club ! Au programme : -Distribution du calendrier 2025\/2026 -Pr\u00e9sentation des projets pour la nouvelle saison -\u00c9lection du nouveau Conseil d\u2019Administration Un moment important pour faire le [&hellip;]\" \/>\n<meta property=\"og:url\" content=\"https:\/\/www.lanestergym.fr\/index.php\/2025\/09\/11\/lanester-gym-assemblee-generale\/\" \/>\n<meta property=\"og:site_name\" content=\"Lanester Gym\" \/>\n<meta property=\"article:publisher\" content=\"https:\/\/www.facebook.com\/gym.lanester.14\" \/>\n<meta property=\"article:published_time\" content=\"2025-09-11T11:59:17+00:00\" \/>\n<meta property=\"article:modified_time\" content=\"2025-09-11T11:59:18+00:00\" \/>\n<meta property=\"og:image\" content=\"https:\/\/www.lanestergym.fr\/wp-content\/uploads\/2025\/09\/affiche-AG-26-sept-2025.jpg\" \/>\n\t<meta property=\"og:image:width\" content=\"1080\" \/>\n\t<meta property=\"og:image:height\" content=\"1350\" \/>\n\t<meta property=\"og:image:type\" content=\"image\/jpeg\" \/>\n<meta name=\"author\" content=\"jerome\" \/>\n<meta name=\"twitter:card\" content=\"summary_large_image\" \/>\n<script type=\"application\/ld+json\" class=\"yoast-schema-graph\">{\"@context\":\"https:\/\/schema.org\",\"@graph\":[{\"@type\":\"Article\",\"@id\":\"https:\/\/www.lanestergym.fr\/index.php\/2025\/09\/11\/lanester-gym-assemblee-generale\/#article\",\"isPartOf\":{\"@id\":\"https:\/\/www.lanestergym.fr\/index.php\/2025\/09\/11\/lanester-gym-assemblee-generale\/\"},\"author\":{\"name\":\"jerome\",\"@id\":\"https:\/\/www.lanestergym.fr\/#\/schema\/person\/0ebf79237aa20fc0a595d32db31c25e2\"},\"headline\":\"Lanester Gym \u2013 Assembl\u00e9e G\u00e9n\u00e9rale\",\"datePublished\":\"2025-09-11T11:59:17+00:00\",\"dateModified\":\"2025-09-11T11:59:18+00:00\",\"mainEntityOfPage\":{\"@id\":\"https:\/\/www.lanestergym.fr\/index.php\/2025\/09\/11\/lanester-gym-assemblee-generale\/\"},\"wordCount\":96,\"commentCount\":0,\"publisher\":{\"@id\":\"https:\/\/www.lanestergym.fr\/#organization\"},\"image\":{\"@id\":\"https:\/\/www.lanestergym.fr\/index.php\/2025\/09\/11\/lanester-gym-assemblee-generale\/#primaryimage\"},\"thumbnailUrl\":\"https:\/\/www.lanestergym.fr\/wp-content\/uploads\/2025\/09\/affiche-AG-26-sept-2025.jpg\",\"inLanguage\":\"fr-FR\",\"potentialAction\":[{\"@type\":\"CommentAction\",\"name\":\"Comment\",\"target\":[\"https:\/\/www.lanestergym.fr\/index.php\/2025\/09\/11\/lanester-gym-assemblee-generale\/#respond\"]}]},{\"@type\":\"WebPage\",\"@id\":\"https:\/\/www.lanestergym.fr\/index.php\/2025\/09\/11\/lanester-gym-assemblee-generale\/\",\"url\":\"https:\/\/www.lanestergym.fr\/index.php\/2025\/09\/11\/lanester-gym-assemblee-generale\/\",\"name\":\"Lanester Gym \u2013 Assembl\u00e9e G\u00e9n\u00e9rale - Lanester Gym\",\"isPartOf\":{\"@id\":\"https:\/\/www.lanestergym.fr\/#website\"},\"primaryImageOfPage\":{\"@id\":\"https:\/\/www.lanestergym.fr\/index.php\/2025\/09\/11\/lanester-gym-assemblee-generale\/#primaryimage\"},\"image\":{\"@id\":\"https:\/\/www.lanestergym.fr\/index.php\/2025\/09\/11\/lanester-gym-assemblee-generale\/#primaryimage\"},\"thumbnailUrl\":\"https:\/\/www.lanestergym.fr\/wp-content\/uploads\/2025\/09\/affiche-AG-26-sept-2025.jpg\",\"datePublished\":\"2025-09-11T11:59:17+00:00\",\"dateModified\":\"2025-09-11T11:59:18+00:00\",\"breadcrumb\":{\"@id\":\"https:\/\/www.lanestergym.fr\/index.php\/2025\/09\/11\/lanester-gym-assemblee-generale\/#breadcrumb\"},\"inLanguage\":\"fr-FR\",\"potentialAction\":[{\"@type\":\"ReadAction\",\"target\":[\"https:\/\/www.lanestergym.fr\/index.php\/2025\/09\/11\/lanester-gym-assemblee-generale\/\"]}]},{\"@type\":\"ImageObject\",\"inLanguage\":\"fr-FR\",\"@id\":\"https:\/\/www.lanestergym.fr\/index.php\/2025\/09\/11\/lanester-gym-assemblee-generale\/#primaryimage\",\"url\":\"https:\/\/www.lanestergym.fr\/wp-content\/uploads\/2025\/09\/affiche-AG-26-sept-2025.jpg\",\"contentUrl\":\"https:\/\/www.lanestergym.fr\/wp-content\/uploads\/2025\/09\/affiche-AG-26-sept-2025.jpg\",\"width\":1080,\"height\":1350,\"caption\":\"affiche assembl\u00e9e g\u00e9n\u00e9rale\"},{\"@type\":\"BreadcrumbList\",\"@id\":\"https:\/\/www.lanestergym.fr\/index.php\/2025\/09\/11\/lanester-gym-assemblee-generale\/#breadcrumb\",\"itemListElement\":[{\"@type\":\"ListItem\",\"position\":1,\"name\":\"Accueil\",\"item\":\"https:\/\/www.lanestergym.fr\/\"},{\"@type\":\"ListItem\",\"position\":2,\"name\":\"Lanester Gym \u2013 Assembl\u00e9e G\u00e9n\u00e9rale\"}]},{\"@type\":\"WebSite\",\"@id\":\"https:\/\/www.lanestergym.fr\/#website\",\"url\":\"https:\/\/www.lanestergym.fr\/\",\"name\":\"Lanester Gym\",\"description\":\"Le club de gymnastique du pays Lorientais\",\"publisher\":{\"@id\":\"https:\/\/www.lanestergym.fr\/#organization\"},\"potentialAction\":[{\"@type\":\"SearchAction\",\"target\":{\"@type\":\"EntryPoint\",\"urlTemplate\":\"https:\/\/www.lanestergym.fr\/?s={search_term_string}\"},\"query-input\":{\"@type\":\"PropertyValueSpecification\",\"valueRequired\":true,\"valueName\":\"search_term_string\"}}],\"inLanguage\":\"fr-FR\"},{\"@type\":\"Organization\",\"@id\":\"https:\/\/www.lanestergym.fr\/#organization\",\"name\":\"Lanester Gym\",\"url\":\"https:\/\/www.lanestergym.fr\/\",\"logo\":{\"@type\":\"ImageObject\",\"inLanguage\":\"fr-FR\",\"@id\":\"https:\/\/www.lanestergym.fr\/#\/schema\/logo\/image\/\",\"url\":\"https:\/\/www.lanestergym.fr\/wp-content\/uploads\/2025\/08\/logo.png\",\"contentUrl\":\"https:\/\/www.lanestergym.fr\/wp-content\/uploads\/2025\/08\/logo.png\",\"width\":462,\"height\":333,\"caption\":\"Lanester Gym\"},\"image\":{\"@id\":\"https:\/\/www.lanestergym.fr\/#\/schema\/logo\/image\/\"},\"sameAs\":[\"https:\/\/www.facebook.com\/gym.lanester.14\",\"https:\/\/www.instagram.com\/lanestergym\/\"]},{\"@type\":\"Person\",\"@id\":\"https:\/\/www.lanestergym.fr\/#\/schema\/person\/0ebf79237aa20fc0a595d32db31c25e2\",\"name\":\"jerome\",\"image\":{\"@type\":\"ImageObject\",\"inLanguage\":\"fr-FR\",\"@id\":\"https:\/\/secure.gravatar.com\/avatar\/13baf0a2208892549abbfb9bb4e196aa8f30dc549735df5378cbf3a19905814f?s=96&d=mm&r=g\",\"url\":\"https:\/\/secure.gravatar.com\/avatar\/13baf0a2208892549abbfb9bb4e196aa8f30dc549735df5378cbf3a19905814f?s=96&d=mm&r=g\",\"contentUrl\":\"https:\/\/secure.gravatar.com\/avatar\/13baf0a2208892549abbfb9bb4e196aa8f30dc549735df5378cbf3a19905814f?s=96&d=mm&r=g\",\"caption\":\"jerome\"},\"url\":\"https:\/\/www.lanestergym.fr\/index.php\/author\/jerome\/\"}]}<\/script>\n<!-- \/ Yoast SEO plugin. -->","yoast_head_json":{"title":"Lanester Gym \u2013 Assembl\u00e9e G\u00e9n\u00e9rale - Lanester Gym","robots":{"index":"index","follow":"follow","max-snippet":"max-snippet:-1","max-image-preview":"max-image-preview:large","max-video-preview":"max-video-preview:-1"},"canonical":"https:\/\/www.lanestergym.fr\/index.php\/2025\/09\/11\/lanester-gym-assemblee-generale\/","og_locale":"fr_FR","og_type":"article","og_title":"Lanester Gym \u2013 Assembl\u00e9e G\u00e9n\u00e9rale - Lanester Gym","og_description":"Le 26 septembre \u00e0 19h30\u00c0 Quai 9 \u2013 Lanester L\u2019Assembl\u00e9e G\u00e9n\u00e9rale de Lanester Gym, c\u2019est LE rendez-vous de la rentr\u00e9e pour d\u00e9couvrir et partager la vie de votre club ! Au programme : -Distribution du calendrier 2025\/2026 -Pr\u00e9sentation des projets pour la nouvelle saison -\u00c9lection du nouveau Conseil d\u2019Administration Un moment important pour faire le [&hellip;]","og_url":"https:\/\/www.lanestergym.fr\/index.php\/2025\/09\/11\/lanester-gym-assemblee-generale\/","og_site_name":"Lanester Gym","article_publisher":"https:\/\/www.facebook.com\/gym.lanester.14","article_published_time":"2025-09-11T11:59:17+00:00","article_modified_time":"2025-09-11T11:59:18+00:00","og_image":[{"width":1080,"height":1350,"url":"https:\/\/www.lanestergym.fr\/wp-content\/uploads\/2025\/09\/affiche-AG-26-sept-2025.jpg","type":"image\/jpeg"}],"author":"jerome","twitter_card":"summary_large_image","schema":{"@context":"https:\/\/schema.org","@graph":[{"@type":"Article","@id":"https:\/\/www.lanestergym.fr\/index.php\/2025\/09\/11\/lanester-gym-assemblee-generale\/#article","isPartOf":{"@id":"https:\/\/www.lanestergym.fr\/index.php\/2025\/09\/11\/lanester-gym-assemblee-generale\/"},"author":{"name":"jerome","@id":"https:\/\/www.lanestergym.fr\/#\/schema\/person\/0ebf79237aa20fc0a595d32db31c25e2"},"headline":"Lanester Gym \u2013 Assembl\u00e9e G\u00e9n\u00e9rale","datePublished":"2025-09-11T11:59:17+00:00","dateModified":"2025-09-11T11:59:18+00:00","mainEntityOfPage":{"@id":"https:\/\/www.lanestergym.fr\/index.php\/2025\/09\/11\/lanester-gym-assemblee-generale\/"},"wordCount":96,"commentCount":0,"publisher":{"@id":"https:\/\/www.lanestergym.fr\/#organization"},"image":{"@id":"https:\/\/www.lanestergym.fr\/index.php\/2025\/09\/11\/lanester-gym-assemblee-generale\/#primaryimage"},"thumbnailUrl":"https:\/\/www.lanestergym.fr\/wp-content\/uploads\/2025\/09\/affiche-AG-26-sept-2025.jpg","inLanguage":"fr-FR","potentialAction":[{"@type":"CommentAction","name":"Comment","target":["https:\/\/www.lanestergym.fr\/index.php\/2025\/09\/11\/lanester-gym-assemblee-generale\/#respond"]}]},{"@type":"WebPage","@id":"https:\/\/www.lanestergym.fr\/index.php\/2025\/09\/11\/lanester-gym-assemblee-generale\/","url":"https:\/\/www.lanestergym.fr\/index.php\/2025\/09\/11\/lanester-gym-assemblee-generale\/","name":"Lanester Gym \u2013 Assembl\u00e9e G\u00e9n\u00e9rale - Lanester Gym","isPartOf":{"@id":"https:\/\/www.lanestergym.fr\/#website"},"primaryImageOfPage":{"@id":"https:\/\/www.lanestergym.fr\/index.php\/2025\/09\/11\/lanester-gym-assemblee-generale\/#primaryimage"},"image":{"@id":"https:\/\/www.lanestergym.fr\/index.php\/2025\/09\/11\/lanester-gym-assemblee-generale\/#primaryimage"},"thumbnailUrl":"https:\/\/www.lanestergym.fr\/wp-content\/uploads\/2025\/09\/affiche-AG-26-sept-2025.jpg","datePublished":"2025-09-11T11:59:17+00:00","dateModified":"2025-09-11T11:59:18+00:00","breadcrumb":{"@id":"https:\/\/www.lanestergym.fr\/index.php\/2025\/09\/11\/lanester-gym-assemblee-generale\/#breadcrumb"},"inLanguage":"fr-FR","potentialAction":[{"@type":"ReadAction","target":["https:\/\/www.lanestergym.fr\/index.php\/2025\/09\/11\/lanester-gym-assemblee-generale\/"]}]},{"@type":"ImageObject","inLanguage":"fr-FR","@id":"https:\/\/www.lanestergym.fr\/index.php\/2025\/09\/11\/lanester-gym-assemblee-generale\/#primaryimage","url":"https:\/\/www.lanestergym.fr\/wp-content\/uploads\/2025\/09\/affiche-AG-26-sept-2025.jpg","contentUrl":"https:\/\/www.lanestergym.fr\/wp-content\/uploads\/2025\/09\/affiche-AG-26-sept-2025.jpg","width":1080,"height":1350,"caption":"affiche assembl\u00e9e g\u00e9n\u00e9rale"},{"@type":"BreadcrumbList","@id":"https:\/\/www.lanestergym.fr\/index.php\/2025\/09\/11\/lanester-gym-assemblee-generale\/#breadcrumb","itemListElement":[{"@type":"ListItem","position":1,"name":"Accueil","item":"https:\/\/www.lanestergym.fr\/"},{"@type":"ListItem","position":2,"name":"Lanester Gym \u2013 Assembl\u00e9e G\u00e9n\u00e9rale"}]},{"@type":"WebSite","@id":"https:\/\/www.lanestergym.fr\/#website","url":"https:\/\/www.lanestergym.fr\/","name":"Lanester Gym","description":"Le club de gymnastique du pays Lorientais","publisher":{"@id":"https:\/\/www.lanestergym.fr\/#organization"},"potentialAction":[{"@type":"SearchAction","target":{"@type":"EntryPoint","urlTemplate":"https:\/\/www.lanestergym.fr\/?s={search_term_string}"},"query-input":{"@type":"PropertyValueSpecification","valueRequired":true,"valueName":"search_term_string"}}],"inLanguage":"fr-FR"},{"@type":"Organization","@id":"https:\/\/www.lanestergym.fr\/#organization","name":"Lanester Gym","url":"https:\/\/www.lanestergym.fr\/","logo":{"@type":"ImageObject","inLanguage":"fr-FR","@id":"https:\/\/www.lanestergym.fr\/#\/schema\/logo\/image\/","url":"https:\/\/www.lanestergym.fr\/wp-content\/uploads\/2025\/08\/logo.png","contentUrl":"https:\/\/www.lanestergym.fr\/wp-content\/uploads\/2025\/08\/logo.png","width":462,"height":333,"caption":"Lanester Gym"},"image":{"@id":"https:\/\/www.lanestergym.fr\/#\/schema\/logo\/image\/"},"sameAs":["https:\/\/www.facebook.com\/gym.lanester.14","https:\/\/www.instagram.com\/lanestergym\/"]},{"@type":"Person","@id":"https:\/\/www.lanestergym.fr\/#\/schema\/person\/0ebf79237aa20fc0a595d32db31c25e2","name":"jerome","image":{"@type":"ImageObject","inLanguage":"fr-FR","@id":"https:\/\/secure.gravatar.com\/avatar\/13baf0a2208892549abbfb9bb4e196aa8f30dc549735df5378cbf3a19905814f?s=96&d=mm&r=g","url":"https:\/\/secure.gravatar.com\/avatar\/13baf0a2208892549abbfb9bb4e196aa8f30dc549735df5378cbf3a19905814f?s=96&d=mm&r=g","contentUrl":"https:\/\/secure.gravatar.com\/avatar\/13baf0a2208892549abbfb9bb4e196aa8f30dc549735df5378cbf3a19905814f?s=96&d=mm&r=g","caption":"jerome"},"url":"https:\/\/www.lanestergym.fr\/index.php\/author\/jerome\/"}]}},"uagb_featured_image_src":{"full":["https:\/\/www.lanestergym.fr\/wp-content\/uploads\/2025\/09\/affiche-AG-26-sept-2025.jpg",1080,1350,false],"thumbnail":["https:\/\/www.lanestergym.fr\/wp-content\/uploads\/2025\/09\/affiche-AG-26-sept-2025-150x150.jpg",150,150,true],"medium":["https:\/\/www.lanestergym.fr\/wp-content\/uploads\/2025\/09\/affiche-AG-26-sept-2025-240x300.jpg",240,300,true],"medium_large":["https:\/\/www.lanestergym.fr\/wp-content\/uploads\/2025\/09\/affiche-AG-26-sept-2025-768x960.jpg",768,960,true],"large":["https:\/\/www.lanestergym.fr\/wp-content\/uploads\/2025\/09\/affiche-AG-26-sept-2025-819x1024.jpg",819,1024,true],"1536x1536":["https:\/\/www.lanestergym.fr\/wp-content\/uploads\/2025\/09\/affiche-AG-26-sept-2025.jpg",1080,1350,false],"2048x2048":["https:\/\/www.lanestergym.fr\/wp-content\/uploads\/2025\/09\/affiche-AG-26-sept-2025.jpg",1080,1350,false]},"uagb_author_info":{"display_name":"jerome","author_link":"https:\/\/www.lanestergym.fr\/index.php\/author\/jerome\/"},"uagb_comment_info":8,"uagb_excerpt":"Le 26 septembre \u00e0 19h30\u00c0 Quai 9 \u2013 Lanester L\u2019Assembl\u00e9e G\u00e9n\u00e9rale de Lanester Gym, c\u2019est LE rendez-vous de la rentr\u00e9e pour d\u00e9couvrir et partager la vie de votre club ! Au programme : -Distribution du calendrier 2025\/2026 -Pr\u00e9sentation des projets pour la nouvelle saison -\u00c9lection du nouveau Conseil d\u2019Administration Un moment important pour faire le\u2026","_links":{"self":[{"href":"https:\/\/www.lanestergym.fr\/index.php\/wp-json\/wp\/v2\/posts\/1424","targetHints":{"allow":["GET"]}}],"collection":[{"href":"https:\/\/www.lanestergym.fr\/index.php\/wp-json\/wp\/v2\/posts"}],"about":[{"href":"https:\/\/www.lanestergym.fr\/index.php\/wp-json\/wp\/v2\/types\/post"}],"author":[{"embeddable":true,"href":"https:\/\/www.lanestergym.fr\/index.php\/wp-json\/wp\/v2\/users\/4"}],"replies":[{"embeddable":true,"href":"https:\/\/www.lanestergym.fr\/index.php\/wp-json\/wp\/v2\/comments?post=1424"}],"version-history":[{"count":4,"href":"https:\/\/www.lanestergym.fr\/index.php\/wp-json\/wp\/v2\/posts\/1424\/revisions"}],"predecessor-version":[{"id":1428,"href":"https:\/\/www.lanestergym.fr\/index.php\/wp-json\/wp\/v2\/posts\/1424\/revisions\/1428"}],"wp:featuredmedia":[{"embeddable":true,"href":"https:\/\/www.lanestergym.fr\/index.php\/wp-json\/wp\/v2\/media\/1423"}],"wp:attachment":[{"href":"https:\/\/www.lanestergym.fr\/index.php\/wp-json\/wp\/v2\/media?parent=1424"}],"wp:term":[{"taxonomy":"category","embeddable":true,"href":"https:\/\/www.lanestergym.fr\/index.php\/wp-json\/wp\/v2\/categories?post=1424"},{"taxonomy":"post_tag","embeddable":true,"href":"https:\/\/www.lanestergym.fr\/index.php\/wp-json\/wp\/v2\/tags?post=1424"}],"curies":[{"name":"wp","href":"https:\/\/api.w.org\/{rel}","templated":true}]}}