{"id":1416,"date":"2025-09-05T23:17:53","date_gmt":"2025-09-05T21:17:53","guid":{"rendered":"https:\/\/www.lanestergym.fr\/?p=1416"},"modified":"2025-09-05T23:18:05","modified_gmt":"2025-09-05T21:18:05","slug":"reunion-amicale-de-rentree-un-moment-convivial-pour-lancer-la-saison","status":"publish","type":"post","link":"https:\/\/www.lanestergym.fr\/index.php\/2025\/09\/05\/reunion-amicale-de-rentree-un-moment-convivial-pour-lancer-la-saison\/","title":{"rendered":"R\u00e9union amicale de rentr\u00e9e : un moment convivial pour lancer la saison"},"content":{"rendered":"\n<p>Ce vendredi soir, Lanester Gym a organis\u00e9 sa traditionnelle r\u00e9union amicale de rentr\u00e9e, l\u2019occasion parfaite pour accueillir les nouveaux adh\u00e9rents et retrouver les membres fid\u00e8les de l\u2019association.<\/p>\n\n\n\n<p>Autour d\u2019un ap\u00e9ritif convivial, la pr\u00e9sidente <strong>Virginie Thierry<\/strong> a souhait\u00e9 la bienvenue \u00e0 toutes et tous, et a pr\u00e9sent\u00e9 les membres du bureau ainsi qu\u2019un bref aper\u00e7u du fonctionnement du club.<\/p>\n\n\n\n<p>Ce moment a \u00e9galement permis de rappeler l\u2019importance de l\u2019implication des b\u00e9n\u00e9voles dans la vie de l\u2019association. Chacun a \u00e9t\u00e9 invit\u00e9 \u00e0 proposer son aide, que ce soit pour de petits coups de main ponctuels ou pour des t\u00e2ches plus r\u00e9guli\u00e8res au cours de l\u2019ann\u00e9e.<\/p>\n\n\n\n<p>Au-del\u00e0 des informations partag\u00e9es, cette rencontre a surtout \u00e9t\u00e9 une belle occasion d\u2019\u00e9changes, de discussions et de rencontres entre adh\u00e9rents, dans une ambiance chaleureuse et d\u00e9tendue.<\/p>\n\n\n\n<p>Lanester Gym d\u00e9marre donc cette nouvelle saison sportive avec \u00e9nergie et convivialit\u00e9, en comptant sur l\u2019engagement et la bonne humeur de toutes et tous.<\/p>\n\n\n\n<p>Rendez-vous \u00e0 la <strong>prochaine r\u00e9union, notre Assembl\u00e9e G\u00e9n\u00e9rale<\/strong>, o\u00f9 seront pr\u00e9sent\u00e9s la vie du club, les projets \u00e0 venir, et o\u00f9 se tiendra l\u2019\u00e9lection du bureau.<\/p>\n\n\n\n<p><\/p>\n","protected":false},"excerpt":{"rendered":"<p>Ce vendredi soir, Lanester Gym a organis\u00e9 sa traditionnelle r\u00e9union amicale de rentr\u00e9e, l\u2019occasion parfaite pour accueillir les nouveaux adh\u00e9rents et retrouver les membres fid\u00e8les de l\u2019association. Autour d\u2019un ap\u00e9ritif convivial, la pr\u00e9sidente Virginie Thierry a souhait\u00e9 la bienvenue \u00e0 toutes et tous, et a pr\u00e9sent\u00e9 les membres du bureau ainsi qu\u2019un bref aper\u00e7u du [&hellip;]<\/p>\n","protected":false},"author":4,"featured_media":1415,"comment_status":"open","ping_status":"open","sticky":false,"template":"","format":"standard","meta":{"_uag_custom_page_level_css":"","footnotes":""},"categories":[14],"tags":[],"class_list":["post-1416","post","type-post","status-publish","format-standard","has-post-thumbnail","hentry","category-actus"],"yoast_head":"<!-- This site is optimized with the Yoast SEO plugin v27.2 - https:\/\/yoast.com\/product\/yoast-seo-wordpress\/ -->\n<title>R\u00e9union amicale de rentr\u00e9e : un moment convivial pour lancer la saison - Lanester Gym<\/title>\n<meta name=\"robots\" content=\"index, follow, max-snippet:-1, max-image-preview:large, max-video-preview:-1\" \/>\n<link rel=\"canonical\" href=\"https:\/\/www.lanestergym.fr\/index.php\/2025\/09\/05\/reunion-amicale-de-rentree-un-moment-convivial-pour-lancer-la-saison\/\" \/>\n<meta property=\"og:locale\" content=\"fr_FR\" \/>\n<meta property=\"og:type\" content=\"article\" \/>\n<meta property=\"og:title\" content=\"R\u00e9union amicale de rentr\u00e9e : un moment convivial pour lancer la saison - Lanester Gym\" \/>\n<meta property=\"og:description\" content=\"Ce vendredi soir, Lanester Gym a organis\u00e9 sa traditionnelle r\u00e9union amicale de rentr\u00e9e, l\u2019occasion parfaite pour accueillir les nouveaux adh\u00e9rents et retrouver les membres fid\u00e8les de l\u2019association. Autour d\u2019un ap\u00e9ritif convivial, la pr\u00e9sidente Virginie Thierry a souhait\u00e9 la bienvenue \u00e0 toutes et tous, et a pr\u00e9sent\u00e9 les membres du bureau ainsi qu\u2019un bref aper\u00e7u du [&hellip;]\" \/>\n<meta property=\"og:url\" content=\"https:\/\/www.lanestergym.fr\/index.php\/2025\/09\/05\/reunion-amicale-de-rentree-un-moment-convivial-pour-lancer-la-saison\/\" \/>\n<meta property=\"og:site_name\" content=\"Lanester Gym\" \/>\n<meta property=\"article:publisher\" content=\"https:\/\/www.facebook.com\/gym.lanester.14\" \/>\n<meta property=\"article:published_time\" content=\"2025-09-05T21:17:53+00:00\" \/>\n<meta property=\"article:modified_time\" content=\"2025-09-05T21:18:05+00:00\" \/>\n<meta property=\"og:image\" content=\"https:\/\/www.lanestergym.fr\/wp-content\/uploads\/2025\/09\/reunionGym.jpeg\" \/>\n\t<meta property=\"og:image:width\" content=\"2048\" \/>\n\t<meta property=\"og:image:height\" content=\"1152\" \/>\n\t<meta property=\"og:image:type\" content=\"image\/jpeg\" \/>\n<meta name=\"author\" content=\"jerome\" \/>\n<meta name=\"twitter:card\" content=\"summary_large_image\" \/>\n<script type=\"application\/ld+json\" class=\"yoast-schema-graph\">{\"@context\":\"https:\/\/schema.org\",\"@graph\":[{\"@type\":\"Article\",\"@id\":\"https:\/\/www.lanestergym.fr\/index.php\/2025\/09\/05\/reunion-amicale-de-rentree-un-moment-convivial-pour-lancer-la-saison\/#article\",\"isPartOf\":{\"@id\":\"https:\/\/www.lanestergym.fr\/index.php\/2025\/09\/05\/reunion-amicale-de-rentree-un-moment-convivial-pour-lancer-la-saison\/\"},\"author\":{\"name\":\"jerome\",\"@id\":\"https:\/\/www.lanestergym.fr\/#\/schema\/person\/0ebf79237aa20fc0a595d32db31c25e2\"},\"headline\":\"R\u00e9union amicale de rentr\u00e9e : un moment convivial pour lancer la saison\",\"datePublished\":\"2025-09-05T21:17:53+00:00\",\"dateModified\":\"2025-09-05T21:18:05+00:00\",\"mainEntityOfPage\":{\"@id\":\"https:\/\/www.lanestergym.fr\/index.php\/2025\/09\/05\/reunion-amicale-de-rentree-un-moment-convivial-pour-lancer-la-saison\/\"},\"wordCount\":223,\"commentCount\":0,\"publisher\":{\"@id\":\"https:\/\/www.lanestergym.fr\/#organization\"},\"image\":{\"@id\":\"https:\/\/www.lanestergym.fr\/index.php\/2025\/09\/05\/reunion-amicale-de-rentree-un-moment-convivial-pour-lancer-la-saison\/#primaryimage\"},\"thumbnailUrl\":\"https:\/\/www.lanestergym.fr\/wp-content\/uploads\/2025\/09\/reunionGym.jpeg\",\"articleSection\":[\"Actus\"],\"inLanguage\":\"fr-FR\",\"potentialAction\":[{\"@type\":\"CommentAction\",\"name\":\"Comment\",\"target\":[\"https:\/\/www.lanestergym.fr\/index.php\/2025\/09\/05\/reunion-amicale-de-rentree-un-moment-convivial-pour-lancer-la-saison\/#respond\"]}]},{\"@type\":\"WebPage\",\"@id\":\"https:\/\/www.lanestergym.fr\/index.php\/2025\/09\/05\/reunion-amicale-de-rentree-un-moment-convivial-pour-lancer-la-saison\/\",\"url\":\"https:\/\/www.lanestergym.fr\/index.php\/2025\/09\/05\/reunion-amicale-de-rentree-un-moment-convivial-pour-lancer-la-saison\/\",\"name\":\"R\u00e9union amicale de rentr\u00e9e : un moment convivial pour lancer la saison - Lanester Gym\",\"isPartOf\":{\"@id\":\"https:\/\/www.lanestergym.fr\/#website\"},\"primaryImageOfPage\":{\"@id\":\"https:\/\/www.lanestergym.fr\/index.php\/2025\/09\/05\/reunion-amicale-de-rentree-un-moment-convivial-pour-lancer-la-saison\/#primaryimage\"},\"image\":{\"@id\":\"https:\/\/www.lanestergym.fr\/index.php\/2025\/09\/05\/reunion-amicale-de-rentree-un-moment-convivial-pour-lancer-la-saison\/#primaryimage\"},\"thumbnailUrl\":\"https:\/\/www.lanestergym.fr\/wp-content\/uploads\/2025\/09\/reunionGym.jpeg\",\"datePublished\":\"2025-09-05T21:17:53+00:00\",\"dateModified\":\"2025-09-05T21:18:05+00:00\",\"breadcrumb\":{\"@id\":\"https:\/\/www.lanestergym.fr\/index.php\/2025\/09\/05\/reunion-amicale-de-rentree-un-moment-convivial-pour-lancer-la-saison\/#breadcrumb\"},\"inLanguage\":\"fr-FR\",\"potentialAction\":[{\"@type\":\"ReadAction\",\"target\":[\"https:\/\/www.lanestergym.fr\/index.php\/2025\/09\/05\/reunion-amicale-de-rentree-un-moment-convivial-pour-lancer-la-saison\/\"]}]},{\"@type\":\"ImageObject\",\"inLanguage\":\"fr-FR\",\"@id\":\"https:\/\/www.lanestergym.fr\/index.php\/2025\/09\/05\/reunion-amicale-de-rentree-un-moment-convivial-pour-lancer-la-saison\/#primaryimage\",\"url\":\"https:\/\/www.lanestergym.fr\/wp-content\/uploads\/2025\/09\/reunionGym.jpeg\",\"contentUrl\":\"https:\/\/www.lanestergym.fr\/wp-content\/uploads\/2025\/09\/reunionGym.jpeg\",\"width\":2048,\"height\":1152},{\"@type\":\"BreadcrumbList\",\"@id\":\"https:\/\/www.lanestergym.fr\/index.php\/2025\/09\/05\/reunion-amicale-de-rentree-un-moment-convivial-pour-lancer-la-saison\/#breadcrumb\",\"itemListElement\":[{\"@type\":\"ListItem\",\"position\":1,\"name\":\"Accueil\",\"item\":\"https:\/\/www.lanestergym.fr\/\"},{\"@type\":\"ListItem\",\"position\":2,\"name\":\"R\u00e9union amicale de rentr\u00e9e : un moment convivial pour lancer la saison\"}]},{\"@type\":\"WebSite\",\"@id\":\"https:\/\/www.lanestergym.fr\/#website\",\"url\":\"https:\/\/www.lanestergym.fr\/\",\"name\":\"Lanester Gym\",\"description\":\"Le club de gymnastique du pays Lorientais\",\"publisher\":{\"@id\":\"https:\/\/www.lanestergym.fr\/#organization\"},\"potentialAction\":[{\"@type\":\"SearchAction\",\"target\":{\"@type\":\"EntryPoint\",\"urlTemplate\":\"https:\/\/www.lanestergym.fr\/?s={search_term_string}\"},\"query-input\":{\"@type\":\"PropertyValueSpecification\",\"valueRequired\":true,\"valueName\":\"search_term_string\"}}],\"inLanguage\":\"fr-FR\"},{\"@type\":\"Organization\",\"@id\":\"https:\/\/www.lanestergym.fr\/#organization\",\"name\":\"Lanester Gym\",\"url\":\"https:\/\/www.lanestergym.fr\/\",\"logo\":{\"@type\":\"ImageObject\",\"inLanguage\":\"fr-FR\",\"@id\":\"https:\/\/www.lanestergym.fr\/#\/schema\/logo\/image\/\",\"url\":\"https:\/\/www.lanestergym.fr\/wp-content\/uploads\/2025\/08\/logo.png\",\"contentUrl\":\"https:\/\/www.lanestergym.fr\/wp-content\/uploads\/2025\/08\/logo.png\",\"width\":462,\"height\":333,\"caption\":\"Lanester Gym\"},\"image\":{\"@id\":\"https:\/\/www.lanestergym.fr\/#\/schema\/logo\/image\/\"},\"sameAs\":[\"https:\/\/www.facebook.com\/gym.lanester.14\",\"https:\/\/www.instagram.com\/lanestergym\/\"]},{\"@type\":\"Person\",\"@id\":\"https:\/\/www.lanestergym.fr\/#\/schema\/person\/0ebf79237aa20fc0a595d32db31c25e2\",\"name\":\"jerome\",\"image\":{\"@type\":\"ImageObject\",\"inLanguage\":\"fr-FR\",\"@id\":\"https:\/\/secure.gravatar.com\/avatar\/13baf0a2208892549abbfb9bb4e196aa8f30dc549735df5378cbf3a19905814f?s=96&d=mm&r=g\",\"url\":\"https:\/\/secure.gravatar.com\/avatar\/13baf0a2208892549abbfb9bb4e196aa8f30dc549735df5378cbf3a19905814f?s=96&d=mm&r=g\",\"contentUrl\":\"https:\/\/secure.gravatar.com\/avatar\/13baf0a2208892549abbfb9bb4e196aa8f30dc549735df5378cbf3a19905814f?s=96&d=mm&r=g\",\"caption\":\"jerome\"},\"url\":\"https:\/\/www.lanestergym.fr\/index.php\/author\/jerome\/\"}]}<\/script>\n<!-- \/ Yoast SEO plugin. -->","yoast_head_json":{"title":"R\u00e9union amicale de rentr\u00e9e : un moment convivial pour lancer la saison - Lanester Gym","robots":{"index":"index","follow":"follow","max-snippet":"max-snippet:-1","max-image-preview":"max-image-preview:large","max-video-preview":"max-video-preview:-1"},"canonical":"https:\/\/www.lanestergym.fr\/index.php\/2025\/09\/05\/reunion-amicale-de-rentree-un-moment-convivial-pour-lancer-la-saison\/","og_locale":"fr_FR","og_type":"article","og_title":"R\u00e9union amicale de rentr\u00e9e : un moment convivial pour lancer la saison - Lanester Gym","og_description":"Ce vendredi soir, Lanester Gym a organis\u00e9 sa traditionnelle r\u00e9union amicale de rentr\u00e9e, l\u2019occasion parfaite pour accueillir les nouveaux adh\u00e9rents et retrouver les membres fid\u00e8les de l\u2019association. Autour d\u2019un ap\u00e9ritif convivial, la pr\u00e9sidente Virginie Thierry a souhait\u00e9 la bienvenue \u00e0 toutes et tous, et a pr\u00e9sent\u00e9 les membres du bureau ainsi qu\u2019un bref aper\u00e7u du [&hellip;]","og_url":"https:\/\/www.lanestergym.fr\/index.php\/2025\/09\/05\/reunion-amicale-de-rentree-un-moment-convivial-pour-lancer-la-saison\/","og_site_name":"Lanester Gym","article_publisher":"https:\/\/www.facebook.com\/gym.lanester.14","article_published_time":"2025-09-05T21:17:53+00:00","article_modified_time":"2025-09-05T21:18:05+00:00","og_image":[{"width":2048,"height":1152,"url":"https:\/\/www.lanestergym.fr\/wp-content\/uploads\/2025\/09\/reunionGym.jpeg","type":"image\/jpeg"}],"author":"jerome","twitter_card":"summary_large_image","schema":{"@context":"https:\/\/schema.org","@graph":[{"@type":"Article","@id":"https:\/\/www.lanestergym.fr\/index.php\/2025\/09\/05\/reunion-amicale-de-rentree-un-moment-convivial-pour-lancer-la-saison\/#article","isPartOf":{"@id":"https:\/\/www.lanestergym.fr\/index.php\/2025\/09\/05\/reunion-amicale-de-rentree-un-moment-convivial-pour-lancer-la-saison\/"},"author":{"name":"jerome","@id":"https:\/\/www.lanestergym.fr\/#\/schema\/person\/0ebf79237aa20fc0a595d32db31c25e2"},"headline":"R\u00e9union amicale de rentr\u00e9e : un moment convivial pour lancer la saison","datePublished":"2025-09-05T21:17:53+00:00","dateModified":"2025-09-05T21:18:05+00:00","mainEntityOfPage":{"@id":"https:\/\/www.lanestergym.fr\/index.php\/2025\/09\/05\/reunion-amicale-de-rentree-un-moment-convivial-pour-lancer-la-saison\/"},"wordCount":223,"commentCount":0,"publisher":{"@id":"https:\/\/www.lanestergym.fr\/#organization"},"image":{"@id":"https:\/\/www.lanestergym.fr\/index.php\/2025\/09\/05\/reunion-amicale-de-rentree-un-moment-convivial-pour-lancer-la-saison\/#primaryimage"},"thumbnailUrl":"https:\/\/www.lanestergym.fr\/wp-content\/uploads\/2025\/09\/reunionGym.jpeg","articleSection":["Actus"],"inLanguage":"fr-FR","potentialAction":[{"@type":"CommentAction","name":"Comment","target":["https:\/\/www.lanestergym.fr\/index.php\/2025\/09\/05\/reunion-amicale-de-rentree-un-moment-convivial-pour-lancer-la-saison\/#respond"]}]},{"@type":"WebPage","@id":"https:\/\/www.lanestergym.fr\/index.php\/2025\/09\/05\/reunion-amicale-de-rentree-un-moment-convivial-pour-lancer-la-saison\/","url":"https:\/\/www.lanestergym.fr\/index.php\/2025\/09\/05\/reunion-amicale-de-rentree-un-moment-convivial-pour-lancer-la-saison\/","name":"R\u00e9union amicale de rentr\u00e9e : un moment convivial pour lancer la saison - Lanester Gym","isPartOf":{"@id":"https:\/\/www.lanestergym.fr\/#website"},"primaryImageOfPage":{"@id":"https:\/\/www.lanestergym.fr\/index.php\/2025\/09\/05\/reunion-amicale-de-rentree-un-moment-convivial-pour-lancer-la-saison\/#primaryimage"},"image":{"@id":"https:\/\/www.lanestergym.fr\/index.php\/2025\/09\/05\/reunion-amicale-de-rentree-un-moment-convivial-pour-lancer-la-saison\/#primaryimage"},"thumbnailUrl":"https:\/\/www.lanestergym.fr\/wp-content\/uploads\/2025\/09\/reunionGym.jpeg","datePublished":"2025-09-05T21:17:53+00:00","dateModified":"2025-09-05T21:18:05+00:00","breadcrumb":{"@id":"https:\/\/www.lanestergym.fr\/index.php\/2025\/09\/05\/reunion-amicale-de-rentree-un-moment-convivial-pour-lancer-la-saison\/#breadcrumb"},"inLanguage":"fr-FR","potentialAction":[{"@type":"ReadAction","target":["https:\/\/www.lanestergym.fr\/index.php\/2025\/09\/05\/reunion-amicale-de-rentree-un-moment-convivial-pour-lancer-la-saison\/"]}]},{"@type":"ImageObject","inLanguage":"fr-FR","@id":"https:\/\/www.lanestergym.fr\/index.php\/2025\/09\/05\/reunion-amicale-de-rentree-un-moment-convivial-pour-lancer-la-saison\/#primaryimage","url":"https:\/\/www.lanestergym.fr\/wp-content\/uploads\/2025\/09\/reunionGym.jpeg","contentUrl":"https:\/\/www.lanestergym.fr\/wp-content\/uploads\/2025\/09\/reunionGym.jpeg","width":2048,"height":1152},{"@type":"BreadcrumbList","@id":"https:\/\/www.lanestergym.fr\/index.php\/2025\/09\/05\/reunion-amicale-de-rentree-un-moment-convivial-pour-lancer-la-saison\/#breadcrumb","itemListElement":[{"@type":"ListItem","position":1,"name":"Accueil","item":"https:\/\/www.lanestergym.fr\/"},{"@type":"ListItem","position":2,"name":"R\u00e9union amicale de rentr\u00e9e : un moment convivial pour lancer la saison"}]},{"@type":"WebSite","@id":"https:\/\/www.lanestergym.fr\/#website","url":"https:\/\/www.lanestergym.fr\/","name":"Lanester Gym","description":"Le club de gymnastique du pays Lorientais","publisher":{"@id":"https:\/\/www.lanestergym.fr\/#organization"},"potentialAction":[{"@type":"SearchAction","target":{"@type":"EntryPoint","urlTemplate":"https:\/\/www.lanestergym.fr\/?s={search_term_string}"},"query-input":{"@type":"PropertyValueSpecification","valueRequired":true,"valueName":"search_term_string"}}],"inLanguage":"fr-FR"},{"@type":"Organization","@id":"https:\/\/www.lanestergym.fr\/#organization","name":"Lanester Gym","url":"https:\/\/www.lanestergym.fr\/","logo":{"@type":"ImageObject","inLanguage":"fr-FR","@id":"https:\/\/www.lanestergym.fr\/#\/schema\/logo\/image\/","url":"https:\/\/www.lanestergym.fr\/wp-content\/uploads\/2025\/08\/logo.png","contentUrl":"https:\/\/www.lanestergym.fr\/wp-content\/uploads\/2025\/08\/logo.png","width":462,"height":333,"caption":"Lanester Gym"},"image":{"@id":"https:\/\/www.lanestergym.fr\/#\/schema\/logo\/image\/"},"sameAs":["https:\/\/www.facebook.com\/gym.lanester.14","https:\/\/www.instagram.com\/lanestergym\/"]},{"@type":"Person","@id":"https:\/\/www.lanestergym.fr\/#\/schema\/person\/0ebf79237aa20fc0a595d32db31c25e2","name":"jerome","image":{"@type":"ImageObject","inLanguage":"fr-FR","@id":"https:\/\/secure.gravatar.com\/avatar\/13baf0a2208892549abbfb9bb4e196aa8f30dc549735df5378cbf3a19905814f?s=96&d=mm&r=g","url":"https:\/\/secure.gravatar.com\/avatar\/13baf0a2208892549abbfb9bb4e196aa8f30dc549735df5378cbf3a19905814f?s=96&d=mm&r=g","contentUrl":"https:\/\/secure.gravatar.com\/avatar\/13baf0a2208892549abbfb9bb4e196aa8f30dc549735df5378cbf3a19905814f?s=96&d=mm&r=g","caption":"jerome"},"url":"https:\/\/www.lanestergym.fr\/index.php\/author\/jerome\/"}]}},"uagb_featured_image_src":{"full":["https:\/\/www.lanestergym.fr\/wp-content\/uploads\/2025\/09\/reunionGym.jpeg",2048,1152,false],"thumbnail":["https:\/\/www.lanestergym.fr\/wp-content\/uploads\/2025\/09\/reunionGym-150x150.jpeg",150,150,true],"medium":["https:\/\/www.lanestergym.fr\/wp-content\/uploads\/2025\/09\/reunionGym-300x169.jpeg",300,169,true],"medium_large":["https:\/\/www.lanestergym.fr\/wp-content\/uploads\/2025\/09\/reunionGym-768x432.jpeg",768,432,true],"large":["https:\/\/www.lanestergym.fr\/wp-content\/uploads\/2025\/09\/reunionGym-1024x576.jpeg",1024,576,true],"1536x1536":["https:\/\/www.lanestergym.fr\/wp-content\/uploads\/2025\/09\/reunionGym-1536x864.jpeg",1536,864,true],"2048x2048":["https:\/\/www.lanestergym.fr\/wp-content\/uploads\/2025\/09\/reunionGym.jpeg",2048,1152,false]},"uagb_author_info":{"display_name":"jerome","author_link":"https:\/\/www.lanestergym.fr\/index.php\/author\/jerome\/"},"uagb_comment_info":3,"uagb_excerpt":"Ce vendredi soir, Lanester Gym a organis\u00e9 sa traditionnelle r\u00e9union amicale de rentr\u00e9e, l\u2019occasion parfaite pour accueillir les nouveaux adh\u00e9rents et retrouver les membres fid\u00e8les de l\u2019association. Autour d\u2019un ap\u00e9ritif convivial, la pr\u00e9sidente Virginie Thierry a souhait\u00e9 la bienvenue \u00e0 toutes et tous, et a pr\u00e9sent\u00e9 les membres du bureau ainsi qu\u2019un bref aper\u00e7u du\u2026","_links":{"self":[{"href":"https:\/\/www.lanestergym.fr\/index.php\/wp-json\/wp\/v2\/posts\/1416","targetHints":{"allow":["GET"]}}],"collection":[{"href":"https:\/\/www.lanestergym.fr\/index.php\/wp-json\/wp\/v2\/posts"}],"about":[{"href":"https:\/\/www.lanestergym.fr\/index.php\/wp-json\/wp\/v2\/types\/post"}],"author":[{"embeddable":true,"href":"https:\/\/www.lanestergym.fr\/index.php\/wp-json\/wp\/v2\/users\/4"}],"replies":[{"embeddable":true,"href":"https:\/\/www.lanestergym.fr\/index.php\/wp-json\/wp\/v2\/comments?post=1416"}],"version-history":[{"count":1,"href":"https:\/\/www.lanestergym.fr\/index.php\/wp-json\/wp\/v2\/posts\/1416\/revisions"}],"predecessor-version":[{"id":1417,"href":"https:\/\/www.lanestergym.fr\/index.php\/wp-json\/wp\/v2\/posts\/1416\/revisions\/1417"}],"wp:featuredmedia":[{"embeddable":true,"href":"https:\/\/www.lanestergym.fr\/index.php\/wp-json\/wp\/v2\/media\/1415"}],"wp:attachment":[{"href":"https:\/\/www.lanestergym.fr\/index.php\/wp-json\/wp\/v2\/media?parent=1416"}],"wp:term":[{"taxonomy":"category","embeddable":true,"href":"https:\/\/www.lanestergym.fr\/index.php\/wp-json\/wp\/v2\/categories?post=1416"},{"taxonomy":"post_tag","embeddable":true,"href":"https:\/\/www.lanestergym.fr\/index.php\/wp-json\/wp\/v2\/tags?post=1416"}],"curies":[{"name":"wp","href":"https:\/\/api.w.org\/{rel}","templated":true}]}}