{"id":1260,"date":"2025-08-29T21:17:29","date_gmt":"2025-08-29T19:17:29","guid":{"rendered":"https:\/\/www.lanestergym.fr\/?p=1260"},"modified":"2025-08-29T21:18:28","modified_gmt":"2025-08-29T19:18:28","slug":"rentree-au-club-lanester-gymnastique","status":"publish","type":"post","link":"https:\/\/www.lanestergym.fr\/index.php\/2025\/08\/29\/rentree-au-club-lanester-gymnastique\/","title":{"rendered":"Rentr\u00e9e au club Lanester Gymnastique"},"content":{"rendered":"\n<p>La saison reprend pour les adh\u00e9rents de <strong>Lanester Gymnastique<\/strong> ! Depuis le 11 ao\u00fbt, certains groupes (performance, poussins, poussines et divisions nationales) ont d\u00e9j\u00e0 retrouv\u00e9 les agr\u00e8s lors de stages de pr\u00e9paration.<\/p>\n\n\n\n<p>La reprise des cours pour tous est pr\u00e9vue <strong>\u00e0 partir du 8 septembre<\/strong>.<\/p>\n\n\n\n<p> Cette ann\u00e9e, plusieurs nouveaut\u00e9s attendent les sportifs :<\/p>\n\n\n\n<ul class=\"wp-block-list\">\n<li>ouverture de <strong>deux cr\u00e9neaux de gym adultes aux agr\u00e8s<\/strong>,<\/li>\n\n\n\n<li>retour de la <strong>gymnastique rythmique loisirs<\/strong> d\u00e8s 8 ans, avec \u00e9galement un cr\u00e9neau adulte le vendredi soir,<\/li>\n\n\n\n<li>activit\u00e9 <strong>parkour<\/strong> le mercredi soir d\u00e8s 12 ans,<\/li>\n\n\n\n<li>et encore des places disponibles en loisirs le mercredi apr\u00e8s-midi.<\/li>\n<\/ul>\n\n\n\n<p> Un bel \u00e9ventail d\u2019activit\u00e9s pour petits et grands, d\u00e9butants ou confirm\u00e9s !<\/p>\n\n\n\n<p><a href=\"https:\/\/www.letelegramme.fr\/morbihan\/lanester-56600\/au-lanester-gymnastique-reprise-de-la-gym-rythmique-et-activite-parkour-6876008.php?fbclid=IwY2xjawMeMTVleHRuA2FlbQIxMQABHrgB7b1k079Z2P5_qTuxXnFL02wP2P-dyf7MCcN-t4gtShv8hfc8EwkY1e88_aem_xYwN1ACrJdddbcPbQPcqKg\" target=\"_blank\" rel=\"noreferrer noopener\">Lire l&rsquo;article complet sur T\u00e9l\u00e9gramme<\/a><\/p>\n\n\n\n<p><\/p>\n","protected":false},"excerpt":{"rendered":"<p>La saison reprend pour les adh\u00e9rents de Lanester Gymnastique ! Depuis le 11 ao\u00fbt, certains groupes (performance, poussins, poussines et divisions nationales) ont d\u00e9j\u00e0 retrouv\u00e9 les agr\u00e8s lors de stages de pr\u00e9paration. La reprise des cours pour tous est pr\u00e9vue \u00e0 partir du 8 septembre. Cette ann\u00e9e, plusieurs nouveaut\u00e9s attendent les sportifs : Un bel [&hellip;]<\/p>\n","protected":false},"author":4,"featured_media":1261,"comment_status":"open","ping_status":"open","sticky":false,"template":"","format":"standard","meta":{"_uag_custom_page_level_css":"","footnotes":""},"categories":[21],"tags":[],"class_list":["post-1260","post","type-post","status-publish","format-standard","has-post-thumbnail","hentry","category-press"],"yoast_head":"<!-- This site is optimized with the Yoast SEO plugin v27.2 - https:\/\/yoast.com\/product\/yoast-seo-wordpress\/ -->\n<title>Rentr\u00e9e au club Lanester Gymnastique - Lanester Gym<\/title>\n<meta name=\"robots\" content=\"index, follow, max-snippet:-1, max-image-preview:large, max-video-preview:-1\" \/>\n<link rel=\"canonical\" href=\"https:\/\/www.lanestergym.fr\/index.php\/2025\/08\/29\/rentree-au-club-lanester-gymnastique\/\" \/>\n<meta property=\"og:locale\" content=\"fr_FR\" \/>\n<meta property=\"og:type\" content=\"article\" \/>\n<meta property=\"og:title\" content=\"Rentr\u00e9e au club Lanester Gymnastique - Lanester Gym\" \/>\n<meta property=\"og:description\" content=\"La saison reprend pour les adh\u00e9rents de Lanester Gymnastique ! Depuis le 11 ao\u00fbt, certains groupes (performance, poussins, poussines et divisions nationales) ont d\u00e9j\u00e0 retrouv\u00e9 les agr\u00e8s lors de stages de pr\u00e9paration. La reprise des cours pour tous est pr\u00e9vue \u00e0 partir du 8 septembre. Cette ann\u00e9e, plusieurs nouveaut\u00e9s attendent les sportifs : Un bel [&hellip;]\" \/>\n<meta property=\"og:url\" content=\"https:\/\/www.lanestergym.fr\/index.php\/2025\/08\/29\/rentree-au-club-lanester-gymnastique\/\" \/>\n<meta property=\"og:site_name\" content=\"Lanester Gym\" \/>\n<meta property=\"article:publisher\" content=\"https:\/\/www.facebook.com\/gym.lanester.14\" \/>\n<meta property=\"article:published_time\" content=\"2025-08-29T19:17:29+00:00\" \/>\n<meta property=\"article:modified_time\" content=\"2025-08-29T19:18:28+00:00\" \/>\n<meta property=\"og:image\" content=\"https:\/\/www.lanestergym.fr\/wp-content\/uploads\/2025\/08\/photoArticleTelegrammeSite.jpeg\" \/>\n\t<meta property=\"og:image:width\" content=\"1536\" \/>\n\t<meta property=\"og:image:height\" content=\"2048\" \/>\n\t<meta property=\"og:image:type\" content=\"image\/jpeg\" \/>\n<meta name=\"author\" content=\"jerome\" \/>\n<meta name=\"twitter:card\" content=\"summary_large_image\" \/>\n<script type=\"application\/ld+json\" class=\"yoast-schema-graph\">{\"@context\":\"https:\/\/schema.org\",\"@graph\":[{\"@type\":\"Article\",\"@id\":\"https:\/\/www.lanestergym.fr\/index.php\/2025\/08\/29\/rentree-au-club-lanester-gymnastique\/#article\",\"isPartOf\":{\"@id\":\"https:\/\/www.lanestergym.fr\/index.php\/2025\/08\/29\/rentree-au-club-lanester-gymnastique\/\"},\"author\":{\"name\":\"jerome\",\"@id\":\"https:\/\/www.lanestergym.fr\/#\/schema\/person\/0ebf79237aa20fc0a595d32db31c25e2\"},\"headline\":\"Rentr\u00e9e au club Lanester Gymnastique\",\"datePublished\":\"2025-08-29T19:17:29+00:00\",\"dateModified\":\"2025-08-29T19:18:28+00:00\",\"mainEntityOfPage\":{\"@id\":\"https:\/\/www.lanestergym.fr\/index.php\/2025\/08\/29\/rentree-au-club-lanester-gymnastique\/\"},\"wordCount\":132,\"commentCount\":0,\"publisher\":{\"@id\":\"https:\/\/www.lanestergym.fr\/#organization\"},\"image\":{\"@id\":\"https:\/\/www.lanestergym.fr\/index.php\/2025\/08\/29\/rentree-au-club-lanester-gymnastique\/#primaryimage\"},\"thumbnailUrl\":\"https:\/\/www.lanestergym.fr\/wp-content\/uploads\/2025\/08\/photoArticleTelegrammeSite.jpeg\",\"articleSection\":[\"Press\"],\"inLanguage\":\"fr-FR\",\"potentialAction\":[{\"@type\":\"CommentAction\",\"name\":\"Comment\",\"target\":[\"https:\/\/www.lanestergym.fr\/index.php\/2025\/08\/29\/rentree-au-club-lanester-gymnastique\/#respond\"]}]},{\"@type\":\"WebPage\",\"@id\":\"https:\/\/www.lanestergym.fr\/index.php\/2025\/08\/29\/rentree-au-club-lanester-gymnastique\/\",\"url\":\"https:\/\/www.lanestergym.fr\/index.php\/2025\/08\/29\/rentree-au-club-lanester-gymnastique\/\",\"name\":\"Rentr\u00e9e au club Lanester Gymnastique - Lanester Gym\",\"isPartOf\":{\"@id\":\"https:\/\/www.lanestergym.fr\/#website\"},\"primaryImageOfPage\":{\"@id\":\"https:\/\/www.lanestergym.fr\/index.php\/2025\/08\/29\/rentree-au-club-lanester-gymnastique\/#primaryimage\"},\"image\":{\"@id\":\"https:\/\/www.lanestergym.fr\/index.php\/2025\/08\/29\/rentree-au-club-lanester-gymnastique\/#primaryimage\"},\"thumbnailUrl\":\"https:\/\/www.lanestergym.fr\/wp-content\/uploads\/2025\/08\/photoArticleTelegrammeSite.jpeg\",\"datePublished\":\"2025-08-29T19:17:29+00:00\",\"dateModified\":\"2025-08-29T19:18:28+00:00\",\"breadcrumb\":{\"@id\":\"https:\/\/www.lanestergym.fr\/index.php\/2025\/08\/29\/rentree-au-club-lanester-gymnastique\/#breadcrumb\"},\"inLanguage\":\"fr-FR\",\"potentialAction\":[{\"@type\":\"ReadAction\",\"target\":[\"https:\/\/www.lanestergym.fr\/index.php\/2025\/08\/29\/rentree-au-club-lanester-gymnastique\/\"]}]},{\"@type\":\"ImageObject\",\"inLanguage\":\"fr-FR\",\"@id\":\"https:\/\/www.lanestergym.fr\/index.php\/2025\/08\/29\/rentree-au-club-lanester-gymnastique\/#primaryimage\",\"url\":\"https:\/\/www.lanestergym.fr\/wp-content\/uploads\/2025\/08\/photoArticleTelegrammeSite.jpeg\",\"contentUrl\":\"https:\/\/www.lanestergym.fr\/wp-content\/uploads\/2025\/08\/photoArticleTelegrammeSite.jpeg\",\"width\":1536,\"height\":2048},{\"@type\":\"BreadcrumbList\",\"@id\":\"https:\/\/www.lanestergym.fr\/index.php\/2025\/08\/29\/rentree-au-club-lanester-gymnastique\/#breadcrumb\",\"itemListElement\":[{\"@type\":\"ListItem\",\"position\":1,\"name\":\"Accueil\",\"item\":\"https:\/\/www.lanestergym.fr\/\"},{\"@type\":\"ListItem\",\"position\":2,\"name\":\"Rentr\u00e9e au club Lanester Gymnastique\"}]},{\"@type\":\"WebSite\",\"@id\":\"https:\/\/www.lanestergym.fr\/#website\",\"url\":\"https:\/\/www.lanestergym.fr\/\",\"name\":\"Lanester Gym\",\"description\":\"Le club de gymnastique du pays Lorientais\",\"publisher\":{\"@id\":\"https:\/\/www.lanestergym.fr\/#organization\"},\"potentialAction\":[{\"@type\":\"SearchAction\",\"target\":{\"@type\":\"EntryPoint\",\"urlTemplate\":\"https:\/\/www.lanestergym.fr\/?s={search_term_string}\"},\"query-input\":{\"@type\":\"PropertyValueSpecification\",\"valueRequired\":true,\"valueName\":\"search_term_string\"}}],\"inLanguage\":\"fr-FR\"},{\"@type\":\"Organization\",\"@id\":\"https:\/\/www.lanestergym.fr\/#organization\",\"name\":\"Lanester Gym\",\"url\":\"https:\/\/www.lanestergym.fr\/\",\"logo\":{\"@type\":\"ImageObject\",\"inLanguage\":\"fr-FR\",\"@id\":\"https:\/\/www.lanestergym.fr\/#\/schema\/logo\/image\/\",\"url\":\"https:\/\/www.lanestergym.fr\/wp-content\/uploads\/2025\/08\/logo.png\",\"contentUrl\":\"https:\/\/www.lanestergym.fr\/wp-content\/uploads\/2025\/08\/logo.png\",\"width\":462,\"height\":333,\"caption\":\"Lanester Gym\"},\"image\":{\"@id\":\"https:\/\/www.lanestergym.fr\/#\/schema\/logo\/image\/\"},\"sameAs\":[\"https:\/\/www.facebook.com\/gym.lanester.14\",\"https:\/\/www.instagram.com\/lanestergym\/\"]},{\"@type\":\"Person\",\"@id\":\"https:\/\/www.lanestergym.fr\/#\/schema\/person\/0ebf79237aa20fc0a595d32db31c25e2\",\"name\":\"jerome\",\"image\":{\"@type\":\"ImageObject\",\"inLanguage\":\"fr-FR\",\"@id\":\"https:\/\/secure.gravatar.com\/avatar\/13baf0a2208892549abbfb9bb4e196aa8f30dc549735df5378cbf3a19905814f?s=96&d=mm&r=g\",\"url\":\"https:\/\/secure.gravatar.com\/avatar\/13baf0a2208892549abbfb9bb4e196aa8f30dc549735df5378cbf3a19905814f?s=96&d=mm&r=g\",\"contentUrl\":\"https:\/\/secure.gravatar.com\/avatar\/13baf0a2208892549abbfb9bb4e196aa8f30dc549735df5378cbf3a19905814f?s=96&d=mm&r=g\",\"caption\":\"jerome\"},\"url\":\"https:\/\/www.lanestergym.fr\/index.php\/author\/jerome\/\"}]}<\/script>\n<!-- \/ Yoast SEO plugin. -->","yoast_head_json":{"title":"Rentr\u00e9e au club Lanester Gymnastique - Lanester Gym","robots":{"index":"index","follow":"follow","max-snippet":"max-snippet:-1","max-image-preview":"max-image-preview:large","max-video-preview":"max-video-preview:-1"},"canonical":"https:\/\/www.lanestergym.fr\/index.php\/2025\/08\/29\/rentree-au-club-lanester-gymnastique\/","og_locale":"fr_FR","og_type":"article","og_title":"Rentr\u00e9e au club Lanester Gymnastique - Lanester Gym","og_description":"La saison reprend pour les adh\u00e9rents de Lanester Gymnastique ! Depuis le 11 ao\u00fbt, certains groupes (performance, poussins, poussines et divisions nationales) ont d\u00e9j\u00e0 retrouv\u00e9 les agr\u00e8s lors de stages de pr\u00e9paration. La reprise des cours pour tous est pr\u00e9vue \u00e0 partir du 8 septembre. Cette ann\u00e9e, plusieurs nouveaut\u00e9s attendent les sportifs : Un bel [&hellip;]","og_url":"https:\/\/www.lanestergym.fr\/index.php\/2025\/08\/29\/rentree-au-club-lanester-gymnastique\/","og_site_name":"Lanester Gym","article_publisher":"https:\/\/www.facebook.com\/gym.lanester.14","article_published_time":"2025-08-29T19:17:29+00:00","article_modified_time":"2025-08-29T19:18:28+00:00","og_image":[{"width":1536,"height":2048,"url":"https:\/\/www.lanestergym.fr\/wp-content\/uploads\/2025\/08\/photoArticleTelegrammeSite.jpeg","type":"image\/jpeg"}],"author":"jerome","twitter_card":"summary_large_image","schema":{"@context":"https:\/\/schema.org","@graph":[{"@type":"Article","@id":"https:\/\/www.lanestergym.fr\/index.php\/2025\/08\/29\/rentree-au-club-lanester-gymnastique\/#article","isPartOf":{"@id":"https:\/\/www.lanestergym.fr\/index.php\/2025\/08\/29\/rentree-au-club-lanester-gymnastique\/"},"author":{"name":"jerome","@id":"https:\/\/www.lanestergym.fr\/#\/schema\/person\/0ebf79237aa20fc0a595d32db31c25e2"},"headline":"Rentr\u00e9e au club Lanester Gymnastique","datePublished":"2025-08-29T19:17:29+00:00","dateModified":"2025-08-29T19:18:28+00:00","mainEntityOfPage":{"@id":"https:\/\/www.lanestergym.fr\/index.php\/2025\/08\/29\/rentree-au-club-lanester-gymnastique\/"},"wordCount":132,"commentCount":0,"publisher":{"@id":"https:\/\/www.lanestergym.fr\/#organization"},"image":{"@id":"https:\/\/www.lanestergym.fr\/index.php\/2025\/08\/29\/rentree-au-club-lanester-gymnastique\/#primaryimage"},"thumbnailUrl":"https:\/\/www.lanestergym.fr\/wp-content\/uploads\/2025\/08\/photoArticleTelegrammeSite.jpeg","articleSection":["Press"],"inLanguage":"fr-FR","potentialAction":[{"@type":"CommentAction","name":"Comment","target":["https:\/\/www.lanestergym.fr\/index.php\/2025\/08\/29\/rentree-au-club-lanester-gymnastique\/#respond"]}]},{"@type":"WebPage","@id":"https:\/\/www.lanestergym.fr\/index.php\/2025\/08\/29\/rentree-au-club-lanester-gymnastique\/","url":"https:\/\/www.lanestergym.fr\/index.php\/2025\/08\/29\/rentree-au-club-lanester-gymnastique\/","name":"Rentr\u00e9e au club Lanester Gymnastique - Lanester Gym","isPartOf":{"@id":"https:\/\/www.lanestergym.fr\/#website"},"primaryImageOfPage":{"@id":"https:\/\/www.lanestergym.fr\/index.php\/2025\/08\/29\/rentree-au-club-lanester-gymnastique\/#primaryimage"},"image":{"@id":"https:\/\/www.lanestergym.fr\/index.php\/2025\/08\/29\/rentree-au-club-lanester-gymnastique\/#primaryimage"},"thumbnailUrl":"https:\/\/www.lanestergym.fr\/wp-content\/uploads\/2025\/08\/photoArticleTelegrammeSite.jpeg","datePublished":"2025-08-29T19:17:29+00:00","dateModified":"2025-08-29T19:18:28+00:00","breadcrumb":{"@id":"https:\/\/www.lanestergym.fr\/index.php\/2025\/08\/29\/rentree-au-club-lanester-gymnastique\/#breadcrumb"},"inLanguage":"fr-FR","potentialAction":[{"@type":"ReadAction","target":["https:\/\/www.lanestergym.fr\/index.php\/2025\/08\/29\/rentree-au-club-lanester-gymnastique\/"]}]},{"@type":"ImageObject","inLanguage":"fr-FR","@id":"https:\/\/www.lanestergym.fr\/index.php\/2025\/08\/29\/rentree-au-club-lanester-gymnastique\/#primaryimage","url":"https:\/\/www.lanestergym.fr\/wp-content\/uploads\/2025\/08\/photoArticleTelegrammeSite.jpeg","contentUrl":"https:\/\/www.lanestergym.fr\/wp-content\/uploads\/2025\/08\/photoArticleTelegrammeSite.jpeg","width":1536,"height":2048},{"@type":"BreadcrumbList","@id":"https:\/\/www.lanestergym.fr\/index.php\/2025\/08\/29\/rentree-au-club-lanester-gymnastique\/#breadcrumb","itemListElement":[{"@type":"ListItem","position":1,"name":"Accueil","item":"https:\/\/www.lanestergym.fr\/"},{"@type":"ListItem","position":2,"name":"Rentr\u00e9e au club Lanester Gymnastique"}]},{"@type":"WebSite","@id":"https:\/\/www.lanestergym.fr\/#website","url":"https:\/\/www.lanestergym.fr\/","name":"Lanester Gym","description":"Le club de gymnastique du pays Lorientais","publisher":{"@id":"https:\/\/www.lanestergym.fr\/#organization"},"potentialAction":[{"@type":"SearchAction","target":{"@type":"EntryPoint","urlTemplate":"https:\/\/www.lanestergym.fr\/?s={search_term_string}"},"query-input":{"@type":"PropertyValueSpecification","valueRequired":true,"valueName":"search_term_string"}}],"inLanguage":"fr-FR"},{"@type":"Organization","@id":"https:\/\/www.lanestergym.fr\/#organization","name":"Lanester Gym","url":"https:\/\/www.lanestergym.fr\/","logo":{"@type":"ImageObject","inLanguage":"fr-FR","@id":"https:\/\/www.lanestergym.fr\/#\/schema\/logo\/image\/","url":"https:\/\/www.lanestergym.fr\/wp-content\/uploads\/2025\/08\/logo.png","contentUrl":"https:\/\/www.lanestergym.fr\/wp-content\/uploads\/2025\/08\/logo.png","width":462,"height":333,"caption":"Lanester Gym"},"image":{"@id":"https:\/\/www.lanestergym.fr\/#\/schema\/logo\/image\/"},"sameAs":["https:\/\/www.facebook.com\/gym.lanester.14","https:\/\/www.instagram.com\/lanestergym\/"]},{"@type":"Person","@id":"https:\/\/www.lanestergym.fr\/#\/schema\/person\/0ebf79237aa20fc0a595d32db31c25e2","name":"jerome","image":{"@type":"ImageObject","inLanguage":"fr-FR","@id":"https:\/\/secure.gravatar.com\/avatar\/13baf0a2208892549abbfb9bb4e196aa8f30dc549735df5378cbf3a19905814f?s=96&d=mm&r=g","url":"https:\/\/secure.gravatar.com\/avatar\/13baf0a2208892549abbfb9bb4e196aa8f30dc549735df5378cbf3a19905814f?s=96&d=mm&r=g","contentUrl":"https:\/\/secure.gravatar.com\/avatar\/13baf0a2208892549abbfb9bb4e196aa8f30dc549735df5378cbf3a19905814f?s=96&d=mm&r=g","caption":"jerome"},"url":"https:\/\/www.lanestergym.fr\/index.php\/author\/jerome\/"}]}},"uagb_featured_image_src":{"full":["https:\/\/www.lanestergym.fr\/wp-content\/uploads\/2025\/08\/photoArticleTelegrammeSite.jpeg",1536,2048,false],"thumbnail":["https:\/\/www.lanestergym.fr\/wp-content\/uploads\/2025\/08\/photoArticleTelegrammeSite-150x150.jpeg",150,150,true],"medium":["https:\/\/www.lanestergym.fr\/wp-content\/uploads\/2025\/08\/photoArticleTelegrammeSite-225x300.jpeg",225,300,true],"medium_large":["https:\/\/www.lanestergym.fr\/wp-content\/uploads\/2025\/08\/photoArticleTelegrammeSite-768x1024.jpeg",768,1024,true],"large":["https:\/\/www.lanestergym.fr\/wp-content\/uploads\/2025\/08\/photoArticleTelegrammeSite-768x1024.jpeg",768,1024,true],"1536x1536":["https:\/\/www.lanestergym.fr\/wp-content\/uploads\/2025\/08\/photoArticleTelegrammeSite-1152x1536.jpeg",1152,1536,true],"2048x2048":["https:\/\/www.lanestergym.fr\/wp-content\/uploads\/2025\/08\/photoArticleTelegrammeSite.jpeg",1536,2048,false]},"uagb_author_info":{"display_name":"jerome","author_link":"https:\/\/www.lanestergym.fr\/index.php\/author\/jerome\/"},"uagb_comment_info":8,"uagb_excerpt":"La saison reprend pour les adh\u00e9rents de Lanester Gymnastique ! Depuis le 11 ao\u00fbt, certains groupes (performance, poussins, poussines et divisions nationales) ont d\u00e9j\u00e0 retrouv\u00e9 les agr\u00e8s lors de stages de pr\u00e9paration. La reprise des cours pour tous est pr\u00e9vue \u00e0 partir du 8 septembre. Cette ann\u00e9e, plusieurs nouveaut\u00e9s attendent les sportifs : Un bel\u2026","_links":{"self":[{"href":"https:\/\/www.lanestergym.fr\/index.php\/wp-json\/wp\/v2\/posts\/1260","targetHints":{"allow":["GET"]}}],"collection":[{"href":"https:\/\/www.lanestergym.fr\/index.php\/wp-json\/wp\/v2\/posts"}],"about":[{"href":"https:\/\/www.lanestergym.fr\/index.php\/wp-json\/wp\/v2\/types\/post"}],"author":[{"embeddable":true,"href":"https:\/\/www.lanestergym.fr\/index.php\/wp-json\/wp\/v2\/users\/4"}],"replies":[{"embeddable":true,"href":"https:\/\/www.lanestergym.fr\/index.php\/wp-json\/wp\/v2\/comments?post=1260"}],"version-history":[{"count":1,"href":"https:\/\/www.lanestergym.fr\/index.php\/wp-json\/wp\/v2\/posts\/1260\/revisions"}],"predecessor-version":[{"id":1262,"href":"https:\/\/www.lanestergym.fr\/index.php\/wp-json\/wp\/v2\/posts\/1260\/revisions\/1262"}],"wp:featuredmedia":[{"embeddable":true,"href":"https:\/\/www.lanestergym.fr\/index.php\/wp-json\/wp\/v2\/media\/1261"}],"wp:attachment":[{"href":"https:\/\/www.lanestergym.fr\/index.php\/wp-json\/wp\/v2\/media?parent=1260"}],"wp:term":[{"taxonomy":"category","embeddable":true,"href":"https:\/\/www.lanestergym.fr\/index.php\/wp-json\/wp\/v2\/categories?post=1260"},{"taxonomy":"post_tag","embeddable":true,"href":"https:\/\/www.lanestergym.fr\/index.php\/wp-json\/wp\/v2\/tags?post=1260"}],"curies":[{"name":"wp","href":"https:\/\/api.w.org\/{rel}","templated":true}]}}